{"id":11292,"date":"2017-04-04T07:44:06","date_gmt":"2017-04-04T07:44:06","guid":{"rendered":"http:\/\/granadacostanacional.es\/?p=11292"},"modified":"2017-04-04T07:44:06","modified_gmt":"2017-04-04T07:44:06","slug":"recital-de-poemas-de-dona-antonia-navarrete-lebrato-en-la-residencia-ballesol-de-serreria-valencia","status":"publish","type":"post","link":"https:\/\/granadacostaglobal.es\/?p=11292","title":{"rendered":"RECITAL DE POEMAS DE DO\u00d1A ANTONIA NAVARRETE LEBRATO EN LA RESIDENCIA BALLESOL DE SERRERIA \u2013 VALENCIA"},"content":{"rendered":"<p style=\"text-align: justify;\">El pasado 29 de Marzo se realiz\u00f3 la entrega de la recaudaci\u00f3n del sorteo solidario acaecido en la residencia Ballesol-Serrer\u00eda de Valencia a favor de la asociaci\u00f3n AIDA (Asociacion de Ayuda, Intercambio y Desarrollo) Es una organizaci\u00f3n no gubernamental que trabaja para mejorar la calidad de las poblaciones m\u00e1s desfavorecidas de los pa\u00edses en v\u00edas de desarrollo.<\/p>\n<figure id=\"attachment_11294\" aria-describedby=\"caption-attachment-11294\" style=\"width: 377px\" class=\"wp-caption alignnone\"><a href=\"http:\/\/granadacostanacional.es\/wp-content\/uploads\/2017\/04\/IMG_3137.jpg\"><img decoding=\"async\" loading=\"lazy\" class=\"wp-image-11294\" src=\"http:\/\/granadacostanacional.es\/wp-content\/uploads\/2017\/04\/IMG_3137-300x288.jpg\" alt=\"IMG_3137\" width=\"377\" height=\"362\" \/><\/a><figcaption id=\"caption-attachment-11294\" class=\"wp-caption-text\">Mayte Guerrero directora de Ballesol Serrer\u00eda, Antonia Navarrete y el responsable de ADIMA que recoge el cheque solidario.<\/figcaption><\/figure>\n<p style=\"text-align: justify;\">Como acto central, la poeta Do\u00f1a Antonia Navarrete Lebrato realiz\u00f3 un recital de poes\u00eda solidaria, recogido en su libro BAILANDO CON LA VIDA, y otros in\u00e9ditos, versos de vida y de esperanza, versos con\u00a0 los sentimientos m\u00e1s sinceros hacia las personas mayores, versos de amor y de ternura, versos de solidaridad frente a las adversidades. Versos que fueron recibidos con numerosos aplausos.<\/p>\n<p style=\"text-align: justify;\"><a href=\"http:\/\/granadacostanacional.es\/wp-content\/uploads\/2017\/04\/IMG_3134.jpg\"><img decoding=\"async\" loading=\"lazy\" class=\"alignnone  wp-image-11295\" src=\"http:\/\/granadacostanacional.es\/wp-content\/uploads\/2017\/04\/IMG_3134-300x188.jpg\" alt=\"IMG_3134\" width=\"641\" height=\"402\" \/><\/a><\/p>\n<p style=\"text-align: justify;\">Cont\u00f3 con la asistencia de numeroso p\u00fablico, tanto de internos, como de sus acompa\u00f1antes, y con la presencia de los representantes de la asociaci\u00f3n ADIMA, el director de operaciones de la zona del mediterr\u00e1neo del grupo Ballesol Don Vicente Cuesta, y los directores de las residencias en\u00a0 Valencia de Ballesol Serrer\u00eda, Gobernador Viejo, Burjasot,\u00a0 Patacona y Valterna: Do\u00f1a Maite Guerrero, Do\u00f1a Fina M\u00ednguez, Do\u00f1a M\u00aa Jos\u00e9 Lasalle, Do\u00f1a M\u00aa Luisa Vivas, Don Jes\u00fas Alcazar.<br \/>\nUn acto emotivo y entra\u00f1able donde la poes\u00eda de Do\u00f1a Antonia Navarrete Lebrato brill\u00f3 con luz propia.<\/p>\n<p style=\"text-align: center;\">\n<p style=\"text-align: left;\"><strong>ENTREGANDO NUESTRAS MANOS<br \/>\n<\/strong><strong><em><br \/>\n<\/em><\/strong>Caminemos todos juntos<br \/>\nsin temerle al temporal,<br \/>\nentregando nuestras manos<br \/>\nempapadas de bondad.<\/p>\n<p style=\"text-align: left;\">Ser\u00e1 muy duro el camino<br \/>\nque pisemos al andar,<br \/>\npero si es nuestro destino<br \/>\nlo tenemos que aceptar.<\/p>\n<p style=\"text-align: left;\">No le tem\u00e1is al mal viento<br \/>\nque ese viento ya no est\u00e1,<br \/>\nsolo est\u00e1 el amor divino<br \/>\ny el calor de la amistad.<\/p>\n<p style=\"text-align: left;\">Cantemos todos unidos<br \/>\nsin el miedo a fracasar,<br \/>\nque todo tiene sentido<br \/>\ny un porqu\u00e9 para luchar.<\/p>\n<p style=\"text-align: left;\">Caminemos todos juntos<br \/>\ny luchemos por llegar<br \/>\npara quitar el infierno<br \/>\nal que sufre adversidad.<\/p>\n<p style=\"text-align: left;\">Yo no quiero verte solo<br \/>\nescondido en el pajar,<br \/>\nyo quiero ver que sonr\u00edes<br \/>\nya sin miedo a naufragar.<\/p>\n<p style=\"text-align: left;\">POR UN MUNDO MEJOR<\/p>\n<p style=\"text-align: left;\"><em><strong>ANTONIA NAVARRETE LEBRATO\u00a0<\/strong><\/em><\/p>\n","protected":false},"excerpt":{"rendered":"<p>El pasado 29 de Marzo se realiz\u00f3 la entrega de la recaudaci\u00f3n del sorteo solidario acaecido en la residencia Ballesol-Serrer\u00eda&hellip;<\/p>\n","protected":false},"author":2,"featured_media":11297,"comment_status":"open","ping_status":"open","sticky":false,"template":"","format":"standard","meta":{"om_disable_all_campaigns":false,"_mi_skip_tracking":false,"_monsterinsights_sitenote_active":false,"_monsterinsights_sitenote_note":"","_monsterinsights_sitenote_category":0,"footnotes":""},"categories":[21],"tags":[],"aioseo_notices":[],"_links":{"self":[{"href":"https:\/\/granadacostaglobal.es\/index.php?rest_route=\/wp\/v2\/posts\/11292"}],"collection":[{"href":"https:\/\/granadacostaglobal.es\/index.php?rest_route=\/wp\/v2\/posts"}],"about":[{"href":"https:\/\/granadacostaglobal.es\/index.php?rest_route=\/wp\/v2\/types\/post"}],"author":[{"embeddable":true,"href":"https:\/\/granadacostaglobal.es\/index.php?rest_route=\/wp\/v2\/users\/2"}],"replies":[{"embeddable":true,"href":"https:\/\/granadacostaglobal.es\/index.php?rest_route=%2Fwp%2Fv2%2Fcomments&post=11292"}],"version-history":[{"count":0,"href":"https:\/\/granadacostaglobal.es\/index.php?rest_route=\/wp\/v2\/posts\/11292\/revisions"}],"wp:featuredmedia":[{"embeddable":true,"href":"https:\/\/granadacostaglobal.es\/index.php?rest_route=\/"}],"wp:attachment":[{"href":"https:\/\/granadacostaglobal.es\/index.php?rest_route=%2Fwp%2Fv2%2Fmedia&parent=11292"}],"wp:term":[{"taxonomy":"category","embeddable":true,"href":"https:\/\/granadacostaglobal.es\/index.php?rest_route=%2Fwp%2Fv2%2Fcategories&post=11292"},{"taxonomy":"post_tag","embeddable":true,"href":"https:\/\/granadacostaglobal.es\/index.php?rest_route=%2Fwp%2Fv2%2Ftags&post=11292"}],"curies":[{"name":"wp","href":"https:\/\/api.w.org\/{rel}","templated":true}]}}