{"id":11247,"date":"2017-04-03T14:19:00","date_gmt":"2017-04-03T14:19:00","guid":{"rendered":"http:\/\/granadacostanacional.es\/?p=11247"},"modified":"2017-04-03T14:19:00","modified_gmt":"2017-04-03T14:19:00","slug":"la-junta-incorpora-el-525-aniversario-de-las-capitulaciones-de-santa-fe-al-programa-de-promocion-turistica-de-las-efemerides","status":"publish","type":"post","link":"https:\/\/granadacostaglobal.es\/?p=11247","title":{"rendered":"La Junta incorpora el 525 Aniversario de las Capitulaciones de Santa Fe al programa de promoci\u00f3n tur\u00edstica de las efem\u00e9rides"},"content":{"rendered":"<h4 class=\"Subtitulo\">Francisco Javier Fern\u00e1ndez se reuni\u00f3 con los responsables de la localidad granadina para conocer el programa de actividades de esta conmemoraci\u00f3n<\/h4>\n<p style=\"text-align: justify;\">El consejero de Turismo y Deporte, Francisco Javier Fern\u00e1ndez, anunci\u00f3 hoy que la conmemoraci\u00f3n del 525 Aniversario de las Capitulaciones de Santa Fe se va a incorporar al programa de promoci\u00f3n tur\u00edstica de las efem\u00e9rides de Andaluc\u00eda en los mercados nacional e internacional, con el objetivo de incrementar la proyecci\u00f3n de este evento y reforzar su atractivo como reclamo para captar viajeros.<\/p>\n<p style=\"text-align: justify;\">Fern\u00e1ndez se reuni\u00f3 en Santa Fe (Granada) con el presidente de la Diputaci\u00f3n provincial, Jos\u00e9 Entrena, el alcalde de la localidad, Manuel Alberto Gil, y representantes municipales para conocer la programaci\u00f3n de actividades de esta conmemoraci\u00f3n, con la que se recuerdan los documentos firmados por los Reyes Cat\u00f3licos y Crist\u00f3bal Col\u00f3n en 1492 sobre la expedici\u00f3n mar\u00edtima que culmin\u00f3 con el descubrimiento de Am\u00e9rica.<\/p>\n<p style=\"text-align: justify;\">El consejero resalt\u00f3 la importancia hist\u00f3rica de Santa Fe, que la conecta con Latinoam\u00e9rica, y consider\u00f3 que este protagonismo \u201ctiene que ser reivindicado\u201d. Por ello, se\u00f1al\u00f3 el respaldo de su departamento a las actividades del aniversario que, seg\u00fan precis\u00f3, se concretar\u00e1 tanto en la promoci\u00f3n espec\u00edfica de algunos eventos como en la incorporaci\u00f3n de la cita en el programa de las efem\u00e9rides de Andaluc\u00eda.<\/p>\n<p style=\"text-align: justify;\">Para la celebraci\u00f3n de las Capitulaciones de Santa Fe, est\u00e1 previsto el dise\u00f1o de campa\u00f1as de promoci\u00f3n, la realizaci\u00f3n de visitas guiadas y dramatizadas, la elaboraci\u00f3n de una ruta espec\u00edfica y la celebraci\u00f3n de la fiesta de las capitulaciones, adem\u00e1s de un programa de eventos deportivos (marat\u00f3n, duatl\u00f3n y diversas competiciones de bicicleta o mountain bike) de car\u00e1cter nacional e internacional.<\/p>\n<p style=\"text-align: justify;\">Francisco Javier Fern\u00e1ndez se\u00f1al\u00f3 la historia com\u00fan entre Andaluc\u00eda y Am\u00e9rica y avanz\u00f3 tambi\u00e9n la colaboraci\u00f3n de varias consejer\u00edas y la Diputaci\u00f3n de Granada para profundizar en el estudio y el patrimonio de los archivos hist\u00f3ricos de Santa Fe, para analizar \u201ccu\u00e1l fue el pasado, pero sobre todo, cu\u00e1l tiene que ser futuro de las relaciones que tenemos que tener con Latinoam\u00e9rica\u201d.<\/p>\n<p style=\"text-align: justify;\">El programa de promoci\u00f3n tur\u00edstica de efem\u00e9rides incorpora eventos como el &#8216;A\u00f1o Murillo&#8217;, el 525 Aniversario del Encuentro entre Dos Mundos, el 25 Aniversario de la Expo&#8217;92 o el 250 Aniversario de la Fundaci\u00f3n de las Nuevas Poblaciones en Andaluc\u00eda, y tiene como objetivo ponen en valor la diversidad cultural de Andaluc\u00eda, as\u00ed como difundir estas citas como reclamo para atraer visitantes.<\/p>\n<p>&nbsp;<\/p>\n","protected":false},"excerpt":{"rendered":"<p>Francisco Javier Fern\u00e1ndez se reuni\u00f3 con los responsables de la localidad granadina para conocer el programa de actividades de esta&hellip;<\/p>\n","protected":false},"author":2,"featured_media":11248,"comment_status":"open","ping_status":"open","sticky":false,"template":"","format":"standard","meta":{"om_disable_all_campaigns":false,"_mi_skip_tracking":false,"_monsterinsights_sitenote_active":false,"_monsterinsights_sitenote_note":"","_monsterinsights_sitenote_category":0,"footnotes":""},"categories":[22],"tags":[],"aioseo_notices":[],"_links":{"self":[{"href":"https:\/\/granadacostaglobal.es\/index.php?rest_route=\/wp\/v2\/posts\/11247"}],"collection":[{"href":"https:\/\/granadacostaglobal.es\/index.php?rest_route=\/wp\/v2\/posts"}],"about":[{"href":"https:\/\/granadacostaglobal.es\/index.php?rest_route=\/wp\/v2\/types\/post"}],"author":[{"embeddable":true,"href":"https:\/\/granadacostaglobal.es\/index.php?rest_route=\/wp\/v2\/users\/2"}],"replies":[{"embeddable":true,"href":"https:\/\/granadacostaglobal.es\/index.php?rest_route=%2Fwp%2Fv2%2Fcomments&post=11247"}],"version-history":[{"count":0,"href":"https:\/\/granadacostaglobal.es\/index.php?rest_route=\/wp\/v2\/posts\/11247\/revisions"}],"wp:featuredmedia":[{"embeddable":true,"href":"https:\/\/granadacostaglobal.es\/index.php?rest_route=\/"}],"wp:attachment":[{"href":"https:\/\/granadacostaglobal.es\/index.php?rest_route=%2Fwp%2Fv2%2Fmedia&parent=11247"}],"wp:term":[{"taxonomy":"category","embeddable":true,"href":"https:\/\/granadacostaglobal.es\/index.php?rest_route=%2Fwp%2Fv2%2Fcategories&post=11247"},{"taxonomy":"post_tag","embeddable":true,"href":"https:\/\/granadacostaglobal.es\/index.php?rest_route=%2Fwp%2Fv2%2Ftags&post=11247"}],"curies":[{"name":"wp","href":"https:\/\/api.w.org\/{rel}","templated":true}]}}