{"id":11243,"date":"2017-04-03T07:10:34","date_gmt":"2017-04-03T07:10:34","guid":{"rendered":"http:\/\/granadacostanacional.es\/?p=11243"},"modified":"2017-04-03T07:10:34","modified_gmt":"2017-04-03T07:10:34","slug":"luis-salvador-queremos-reivindicar-a-la-costa-tropical-como-la-segunda-gran-area-metropolitana-de-la-provincia-de-granada","status":"publish","type":"post","link":"https:\/\/granadacostaglobal.es\/?p=11243","title":{"rendered":"Luis Salvador: &#8220;Queremos reivindicar a la Costa Tropical como la segunda gran \u00e1rea metropolitana de la provincia de Granada&#8221;"},"content":{"rendered":"<p class=\"gmail-cuerpo\" style=\"text-align: justify;\"><span style=\"font-family: Arial, sans-serif; color: #000000;\">El diputado granadino de Ciudadanos en el Congreso defiende el necesario consenso de todos los grupos para cerrar acuerdos hist\u00f3ricos para la provincia como la finalizaci\u00f3n de las conducciones de la Presa de Rules o la defensa de igualdad de oportunidades para la l\u00ednea mar\u00edtima Motril-Melilla.<\/span><\/p>\n<p class=\"gmail-cuerpo\" style=\"text-align: justify;\"><b><span style=\"font-family: 'Arial',sans-serif; color: black;\">&#8220;Queremos reivindicar a la Costa Tropical como la segunda gran \u00e1rea metropolitana de la provincia de Granada&#8221;<\/span><\/b><span style=\"font-family: 'Arial',sans-serif; color: black;\">. As\u00ed lo ha asegurado el diputado granadino del Grupo Parlamentario Ciudadanos (GPCs) en el Congreso, Luis Salvador, durante la celebraci\u00f3n de las I Jornadas de futuro para el sector agro-industrial de la Costa Tropical de Granada, donde ha resaltado el papel que deben jugar grandes infraestructuras como las conducciones de la Presa de Rules o las conexiones con el Corredor Mediterr\u00e1neo para hacer de la Costa un gran polo de desarrollo para toda la provincia granadina.\u00a0<\/span><\/p>\n<p class=\"gmail-cuerpo\" style=\"text-align: justify;\"><b><span style=\"font-family: 'Arial',sans-serif; color: black;\">&#8220;Todos hemos sido testigos de los agravios hist\u00f3ricos a los que se ha visto sometida la Costa Tropical, y con ella Granada, en los \u00faltimos a\u00f1os por parte de los partidos tradicionales cuando estaban solos al frente de las instituciones<\/span><\/b><span style=\"font-family: 'Arial',sans-serif; color: black;\">&#8220;, ha lamentado Salvador, quien ha celebrado el cambio de tendencia con la llegada de partidos como Ciudadanos, que est\u00e1n abogando por el consenso en los grandes temas cuyo desarrollo implica conseguir un sector econ\u00f3mico m\u00e1s din\u00e1mico y fuerte y la generaci\u00f3n de empleo: <b>&#8220;En lo que va de legislatura estamos cerrando acuerdos hist\u00f3ricos para conseguir finalizar las conducciones de Rules, para exigir la llegada del AVE o para defender la igualdad del trato de la l\u00ednea mar\u00edtima Motril-Melilla respecto a las de Almer\u00eda-Melilla y M\u00e1laga-Melilla. Todos estamos hablando y pensando en granadino&#8221;<\/b>.<\/span><\/p>\n<p class=\"gmail-cuerpo\" style=\"text-align: justify;\"><span style=\"font-family: 'Arial',sans-serif; color: black;\">El diputado granadino ha abogado por la<b> &#8220;riqueza creciente&#8221;<\/b> de esta segunda gran \u00e1rea metropolitana de Granada que es la Costa, que aglutina a diecisiete municipios y m\u00e1s de ciento veinticinco mil habitantes y ha valorado algunas de las necesidades prioritarias que debe marcarse para continuar con el desarrollo de todos sus sectores.\u00a0<\/span><\/p>\n<p class=\"gmail-cuerpo\" style=\"text-align: justify;\"><span style=\"font-family: 'Arial',sans-serif; color: black;\">En este sentido, Salvador ha resaltado el agua, la electricidad y la tecnolog\u00eda como las tres grandes claves para el necesario impulso de la agricultura de la comarca: <b>&#8220;La subestaci\u00f3n de Santa Isabel ha llegado a su l\u00edmite y ya se hace imprescindible contar con una segunda subestaci\u00f3n que no frene la proliferaci\u00f3n de nuevas empresas y de nuevos sistemas de producci\u00f3n. Junto a esto, ya hemos exigido al Gobierno la culminaci\u00f3n del proyecto de las conducciones de la Presa de Rules hasta la cota 400 y fijar los plazos temporales que establece para su finalizaci\u00f3n y valoramos la importancia de iniciativas que apuesten por el desarrollo de la zona de actividades log\u00edsticas de Motril&#8221;<\/b>.<\/span><\/p>\n<p class=\"gmail-cuerpo\" style=\"text-align: justify;\"><span style=\"font-family: 'Arial',sans-serif; color: black;\">Asimismo, el diputado ha defendido la aplicaci\u00f3n de las nuevas tecnolog\u00edas y el I+D+i tambi\u00e9n al sector agro-industrial, conectando a la Universidad y empleando la transferencia de conocimiento a los sectores primarios de producci\u00f3n. Para ello, ha recordado que Cs desde la Diputaci\u00f3n Provincial ha impulsado un proyecto <i>smart rural<\/i> para elaborar un plan estrat\u00e9gico que integre unos ejes de especializaci\u00f3n inteligente en el medio rural a partir de la aplicaci\u00f3n de las nuevas tecnolog\u00edas en sectores claves de la econom\u00eda de la provincia y utilizando como motor diferenciador la innovaci\u00f3n, el emprendimiento, la internacionalizaci\u00f3n y la formaci\u00f3n.<\/span><\/p>\n","protected":false},"excerpt":{"rendered":"<p>El diputado granadino de Ciudadanos en el Congreso defiende el necesario consenso de todos los grupos para cerrar acuerdos hist\u00f3ricos&hellip;<\/p>\n","protected":false},"author":2,"featured_media":11244,"comment_status":"open","ping_status":"open","sticky":false,"template":"","format":"standard","meta":{"om_disable_all_campaigns":false,"_mi_skip_tracking":false,"_monsterinsights_sitenote_active":false,"_monsterinsights_sitenote_note":"","_monsterinsights_sitenote_category":0,"footnotes":""},"categories":[22],"tags":[],"aioseo_notices":[],"_links":{"self":[{"href":"https:\/\/granadacostaglobal.es\/index.php?rest_route=\/wp\/v2\/posts\/11243"}],"collection":[{"href":"https:\/\/granadacostaglobal.es\/index.php?rest_route=\/wp\/v2\/posts"}],"about":[{"href":"https:\/\/granadacostaglobal.es\/index.php?rest_route=\/wp\/v2\/types\/post"}],"author":[{"embeddable":true,"href":"https:\/\/granadacostaglobal.es\/index.php?rest_route=\/wp\/v2\/users\/2"}],"replies":[{"embeddable":true,"href":"https:\/\/granadacostaglobal.es\/index.php?rest_route=%2Fwp%2Fv2%2Fcomments&post=11243"}],"version-history":[{"count":0,"href":"https:\/\/granadacostaglobal.es\/index.php?rest_route=\/wp\/v2\/posts\/11243\/revisions"}],"wp:featuredmedia":[{"embeddable":true,"href":"https:\/\/granadacostaglobal.es\/index.php?rest_route=\/"}],"wp:attachment":[{"href":"https:\/\/granadacostaglobal.es\/index.php?rest_route=%2Fwp%2Fv2%2Fmedia&parent=11243"}],"wp:term":[{"taxonomy":"category","embeddable":true,"href":"https:\/\/granadacostaglobal.es\/index.php?rest_route=%2Fwp%2Fv2%2Fcategories&post=11243"},{"taxonomy":"post_tag","embeddable":true,"href":"https:\/\/granadacostaglobal.es\/index.php?rest_route=%2Fwp%2Fv2%2Ftags&post=11243"}],"curies":[{"name":"wp","href":"https:\/\/api.w.org\/{rel}","templated":true}]}}