{"id":11203,"date":"2017-03-31T07:27:44","date_gmt":"2017-03-31T07:27:44","guid":{"rendered":"http:\/\/granadacostanacional.es\/?p=11203"},"modified":"2017-03-31T07:27:44","modified_gmt":"2017-03-31T07:27:44","slug":"andalucia-propone-el-proyecto-tus-raices-como-modelo-de-desarrollo-turistico-replicable-en-otras-regiones-europeas","status":"publish","type":"post","link":"https:\/\/granadacostaglobal.es\/?p=11203","title":{"rendered":"Andaluc\u00eda propone el proyecto &#8216;Tus Ra\u00edces&#8217; como modelo de desarrollo tur\u00edstico replicable en otras regiones europeas"},"content":{"rendered":"<h5>Francisco Javier Fern\u00e1ndez asisti\u00f3 en Sevilla a la Asamblea General 2017 de la red NECSTouR, que alberga tambi\u00e9n la conferencia tem\u00e1tica de la OMT<\/h5>\n<p style=\"text-align: justify;\">Andaluc\u00eda va a proponer el proyecto &#8216;Tus Ra\u00edces&#8217;, que promueve la creaci\u00f3n y promoci\u00f3n de productos relacionados con el denominado &#8216;turismo de ra\u00edces, geneal\u00f3gico o ancestral&#8217;, como modelo de desarrollo replicable en otras regiones europeas. Esta\u00a0 propuesta se va a trasladar en el marco de la Asamblea General de la red NECSTouR y de la conferencia de la Organizaci\u00f3n Mundial del Turismo (OMT) que se celebran en Sevilla.<\/p>\n<p style=\"text-align: justify;\">La iniciativa &#8216;Tus Ra\u00edces&#8217;, que se dirige tanto al mercado nacional como internacional, se basa en atraer viajeros de regiones o pa\u00edses que mantienen con la comunidad lazos culturales, hist\u00f3ricos y familiares. De este modo, se trata de un modelo que favorece el desarrollo sostenible de los destinos al contribuir a la conservaci\u00f3n de la autenticidad sociocultural, as\u00ed como a la tolerancia, el respeto y la unidad.<\/p>\n<p style=\"text-align: justify;\">Por ello, se va a plantear la replicabilidad del proyecto bajo la denominaci\u00f3n &#8216;Tus Ra\u00edces en Europa&#8217; como una oportunidad de desarrollo en otras regiones, dado que la emigracio\u0301n europea ha sido un movimiento bastante intenso en diversas \u00e9pocas hist\u00f3ricas. En este sentido, Andaluc\u00eda va a ofrecer su experiencia para identificar potenciales zonas en las que implantar el proyecto.<\/p>\n<p style=\"text-align: justify;\">La Asamblea General de NECSTouR (Network of European Regions for a Sustainable and Competitive Tourism) es el \u00f3rgano de decisi\u00f3n m\u00e1s importante de la red, adem\u00e1s de que en ella participan todos los miembros de la organizaci\u00f3n, entre ellos, Andaluc\u00eda, que forma parte del Comit\u00e9 Ejecutivo. Con ello, la cita permitir\u00e1 proyectar a nivel mundial el modelo de desarrollo sostenible que se propone en el \u00e1mbito europeo.<\/p>\n<p style=\"text-align: justify;\">El consejero de Turismo y Deporte, Francisco Javier Fern\u00e1ndez, asisti\u00f3 hoy en la capital hispalense a la primera jornada de este encuentro que, seg\u00fan dijo, demuestra que \u201cEuropa tiene mucho que decir en el turismo, especialmente en materia de sostenibilidad\u201d. Adem\u00e1s, resalt\u00f3 que el hecho de que se celebre en Andaluc\u00eda supone un \u201creconocimiento\u201d a la labor que desarrolla la comunidad en este \u00e1mbito.<\/p>\n<p style=\"text-align: justify;\">En este sentido, Fern\u00e1ndez record\u00f3 el compromiso del Gobierno andaluz y de todos los agentes del sector a nivel regional por un modelo de crecimiento del destino basado en el equilibrio desde el punto de vista econ\u00f3mico, social y medioambiental, as\u00ed como en la generaci\u00f3n de oportunidades para los ciudadanos y los territorios, tal y como se plasma en el Plan General de Turismo de Sostenible de Andaluc\u00eda Horizonte 2020.<\/p>\n<p style=\"text-align: justify;\">Por su parte, el presidente de NECSTouR, Octavi Bono, destac\u00f3 el \u201cvalor de red\u201d de la organizaci\u00f3n, que integra a 63 representantes de 33 regiones de 18 pa\u00edses europeos,\u00a0 y\u00a0 se\u00f1al\u00f3 que la Asamblea permitir\u00e1 a sus miembros intercambiar buenas pr\u00e1cticas y establecer colaboraciones en diversos grupos de trabajo sobre gesti\u00f3n de destinos inteligentes, binomio turismo-cultura o sistemas de medici\u00f3n a nivel subnacional.<\/p>\n<p style=\"text-align: justify;\"><a href=\"http:\/\/granadacostanacional.es\/wp-content\/uploads\/2017\/03\/Necsotour0609.jpg\"><img decoding=\"async\" loading=\"lazy\" class=\"alignnone  wp-image-11205\" src=\"http:\/\/granadacostanacional.es\/wp-content\/uploads\/2017\/03\/Necsotour0609-300x169.jpg\" alt=\"Necsotour0609\" width=\"499\" height=\"281\" \/><\/a><\/p>\n<p style=\"text-align: justify;\"><strong>Andaluc\u00eda, l\u00edder del grupo de trabajo<\/strong><\/p>\n<p style=\"text-align: justify;\">Precisamente, Andaluc\u00eda lidera este \u00faltimo grupo de trabajo por su car\u00e1cter pionero en la elaboraci\u00f3n de herramientas como la Cuenta Sat\u00e9lite del Turismo Regional o el Sistema de Indicadores de Turismo Sostenible. En este foro, en el que participar\u00e1n expertos de la Divisi\u00f3n de Estad\u00edstica de Naciones Unidas, de la OMT y de Eurostat, la comunidad va a presentar su experiencia en la materia.<\/p>\n<p style=\"text-align: justify;\">Las mesas redondas de la Asamblea dar\u00e1n paso ma\u00f1ana a la conferencia tem\u00e1tica de la Organizaci\u00f3n Mundial del Turismo, que Necstour organiza conjuntamente con la Junta, en el marco del A\u00f1o Internacional del Turismo Sostenible para el Desarrollo. En esta cita est\u00e1 prevista la asistencia del secretario general de la OMT, Taleb Rifai, y se abordar\u00e1 la contribuci\u00f3n de los destinos inteligentes para el planeta y para su gente.<\/p>\n<p style=\"text-align: justify;\"><strong>Conferencia OMT <\/strong><\/p>\n<p style=\"text-align: justify;\">La conferencia constar\u00e1 de tres grandes paneles de discusi\u00f3n. El primero de ellos abordar\u00e1 la gesti\u00f3n inteligente del turismo mar\u00edtimo y costero y su contribuci\u00f3n al &#8216;Objetivo 14 de Desarrollo Sostenible&#8217; de las Naciones Unidas, con el protagonismo de la regi\u00f3n sueca de V\u00e4stra G\u00f6taland y de la propia Andaluc\u00eda, que presentar\u00e1 su sistema de indicadores tur\u00edsticos, que se va a incorporar al proyecto europeo Mitomed Plus.<\/p>\n<p style=\"text-align: justify;\">Por su parte, el segundo panel analizar\u00e1 el comportamiento sostenible de los destinos, con participaci\u00f3n de las regiones de Flandes, Catalu\u00f1a, Galicia, Toscana y Escocia; mientras que el tercero tendr\u00e1 como eje el tri\u00e1ngulo turismo-cultura-di\u00e1logo intercultural, donde se va a presentar la iniciativa &#8216;Tus Ra\u00edces en Andaluc\u00eda&#8217; como ejemplo de un producto innovador trasladable al \u00e1mbito europeo.<\/p>\n","protected":false},"excerpt":{"rendered":"<p>Francisco Javier Fern\u00e1ndez asisti\u00f3 en Sevilla a la Asamblea General 2017 de la red NECSTouR, que alberga tambi\u00e9n la conferencia&hellip;<\/p>\n","protected":false},"author":2,"featured_media":11204,"comment_status":"open","ping_status":"open","sticky":false,"template":"","format":"standard","meta":{"om_disable_all_campaigns":false,"_mi_skip_tracking":false,"_monsterinsights_sitenote_active":false,"_monsterinsights_sitenote_note":"","_monsterinsights_sitenote_category":0,"footnotes":""},"categories":[22],"tags":[],"aioseo_notices":[],"_links":{"self":[{"href":"https:\/\/granadacostaglobal.es\/index.php?rest_route=\/wp\/v2\/posts\/11203"}],"collection":[{"href":"https:\/\/granadacostaglobal.es\/index.php?rest_route=\/wp\/v2\/posts"}],"about":[{"href":"https:\/\/granadacostaglobal.es\/index.php?rest_route=\/wp\/v2\/types\/post"}],"author":[{"embeddable":true,"href":"https:\/\/granadacostaglobal.es\/index.php?rest_route=\/wp\/v2\/users\/2"}],"replies":[{"embeddable":true,"href":"https:\/\/granadacostaglobal.es\/index.php?rest_route=%2Fwp%2Fv2%2Fcomments&post=11203"}],"version-history":[{"count":0,"href":"https:\/\/granadacostaglobal.es\/index.php?rest_route=\/wp\/v2\/posts\/11203\/revisions"}],"wp:featuredmedia":[{"embeddable":true,"href":"https:\/\/granadacostaglobal.es\/index.php?rest_route=\/"}],"wp:attachment":[{"href":"https:\/\/granadacostaglobal.es\/index.php?rest_route=%2Fwp%2Fv2%2Fmedia&parent=11203"}],"wp:term":[{"taxonomy":"category","embeddable":true,"href":"https:\/\/granadacostaglobal.es\/index.php?rest_route=%2Fwp%2Fv2%2Fcategories&post=11203"},{"taxonomy":"post_tag","embeddable":true,"href":"https:\/\/granadacostaglobal.es\/index.php?rest_route=%2Fwp%2Fv2%2Ftags&post=11203"}],"curies":[{"name":"wp","href":"https:\/\/api.w.org\/{rel}","templated":true}]}}