{"id":11200,"date":"2017-03-31T07:23:02","date_gmt":"2017-03-31T07:23:02","guid":{"rendered":"http:\/\/granadacostanacional.es\/?p=11200"},"modified":"2017-03-31T07:23:02","modified_gmt":"2017-03-31T07:23:02","slug":"luis-salvador-el-aeropuerto-granada-jaen-necesita-inversiones-y-propuestas-innovadoras-que-permitan-relanzarlo-y-hacer-de-el-una-infraestructura-de-referencia-para-andalucia","status":"publish","type":"post","link":"https:\/\/granadacostaglobal.es\/?p=11200","title":{"rendered":"Luis Salvador: &#8220;El Aeropuerto Granada-Ja\u00e9n necesita inversiones y propuestas innovadoras que permitan relanzarlo y hacer de \u00e9l una infraestructura de referencia para Andaluc\u00eda&#8221;"},"content":{"rendered":"<h5 style=\"text-align: justify;\">El diputado de Ciudadanos en el Congreso por Granada marca como objetivo prioritario\u00a0la mejora de la calidad y la sostenibilidad del aeropuerto en los pr\u00f3ximos a\u00f1os.<\/h5>\n<p style=\"text-align: justify;\">El diputado granadino del Grupo Parlamentario Ciudadanos (GPCs) en el Congreso de los Diputados, Luis Salvador, ha reivindicado m\u00e1s inversi\u00f3n y nuevas actuaciones por parte del Gobierno destinadas a\u00a0<strong>\u201cimpulsar el Aeropuerto Federico Garc\u00eda Lorca Granada-Ja\u00e9n en los pr\u00f3ximos a\u00f1os y convertirlo en un aeropuerto de referencia dentro de la red andaluza y espa\u00f1ola\u201d<\/strong>. As\u00ed lo ha avanzado el diputado, quien ha solicitado al Ministerio de Fomento informaci\u00f3n acerca de sus planes previstos en este sentido y las inversiones que contempla para ello a trav\u00e9s de una pregunta para respuesta por escrito.<\/p>\n<p style=\"text-align: justify;\"><strong>\u201cEl aeropuerto de Granada necesita inversiones y propuestas novedosas que permitan relanzarlo y convertirlo en una infraestructura m\u00e1s din\u00e1mica y fuerte\u201d<\/strong>, ha se\u00f1alado Salvador, quien considera imprescindible que el aeropuerto<strong>\u00a0\u201caproveche nuevas oportunidades\u201d<\/strong>\u00a0que le permitan ser m\u00e1s competitivo, algo que pasa tambi\u00e9n necesariamente por abaratar el coste de los billetes de los vuelos regulares, adem\u00e1s de por\u00a0prestar mejores servicios a los viajeros y ofrecer m\u00e1s variedad de conexiones para el turismo internacional, especialmente en un momento como el actual en que se acaba de poner en marcha una nueva conexi\u00f3n con Mil\u00e1n.<\/p>\n<p style=\"text-align: justify;\">El diputado ha enmarcado esta petici\u00f3n en la reciente aprobaci\u00f3n por parte del Consejo de Ministros del Documento de Regulaci\u00f3n Aeroportuaria (DORA) 2017-2021, que es donde se define el nuevo marco regulatorio para garantizar la calidad y competitividad de los aeropuertos.\u00a0<strong>\u201cUno de los objetivos prioritarios que se marca este documento es la mejora de la calidad y la sostenibilidad de nuestro sistema aeroportuario en los pr\u00f3ximos a\u00f1os, para lo que est\u00e1 previsto invertir 2.646 millones de euros en la red en conceptos de avances de capacidad, calidad y seguridad de estas infraestructuras\u201d<\/strong>, ha apuntado el diputado, quien considera que el Federico Garc\u00eda Lorca no puede permitirse quedar fuera de este plan de inversiones.<\/p>\n<p style=\"text-align: justify;\">Junto a esto, Salvador ha incidido en la necesidad de que el marco de este DORA suponga dar garant\u00edas al aeropuerto de Granada de que\u00a0<strong>\u201csu modelo se va a regir por unos criterios de infraestructura de calidad, accesible y eficiente, a la altura de las expectativas de los ciudadanos y a la vanguardia de Europa\u201d<\/strong>.<\/p>\n","protected":false},"excerpt":{"rendered":"<p>El diputado de Ciudadanos en el Congreso por Granada marca como objetivo prioritario\u00a0la mejora de la calidad y la sostenibilidad&hellip;<\/p>\n","protected":false},"author":2,"featured_media":11201,"comment_status":"open","ping_status":"open","sticky":false,"template":"","format":"standard","meta":{"om_disable_all_campaigns":false,"_mi_skip_tracking":false,"_monsterinsights_sitenote_active":false,"_monsterinsights_sitenote_note":"","_monsterinsights_sitenote_category":0,"footnotes":""},"categories":[22],"tags":[],"aioseo_notices":[],"_links":{"self":[{"href":"https:\/\/granadacostaglobal.es\/index.php?rest_route=\/wp\/v2\/posts\/11200"}],"collection":[{"href":"https:\/\/granadacostaglobal.es\/index.php?rest_route=\/wp\/v2\/posts"}],"about":[{"href":"https:\/\/granadacostaglobal.es\/index.php?rest_route=\/wp\/v2\/types\/post"}],"author":[{"embeddable":true,"href":"https:\/\/granadacostaglobal.es\/index.php?rest_route=\/wp\/v2\/users\/2"}],"replies":[{"embeddable":true,"href":"https:\/\/granadacostaglobal.es\/index.php?rest_route=%2Fwp%2Fv2%2Fcomments&post=11200"}],"version-history":[{"count":0,"href":"https:\/\/granadacostaglobal.es\/index.php?rest_route=\/wp\/v2\/posts\/11200\/revisions"}],"wp:featuredmedia":[{"embeddable":true,"href":"https:\/\/granadacostaglobal.es\/index.php?rest_route=\/"}],"wp:attachment":[{"href":"https:\/\/granadacostaglobal.es\/index.php?rest_route=%2Fwp%2Fv2%2Fmedia&parent=11200"}],"wp:term":[{"taxonomy":"category","embeddable":true,"href":"https:\/\/granadacostaglobal.es\/index.php?rest_route=%2Fwp%2Fv2%2Fcategories&post=11200"},{"taxonomy":"post_tag","embeddable":true,"href":"https:\/\/granadacostaglobal.es\/index.php?rest_route=%2Fwp%2Fv2%2Ftags&post=11200"}],"curies":[{"name":"wp","href":"https:\/\/api.w.org\/{rel}","templated":true}]}}