{"id":11071,"date":"2017-03-28T07:54:33","date_gmt":"2017-03-28T07:54:33","guid":{"rendered":"http:\/\/granadacostanacional.es\/?p=11071"},"modified":"2017-03-28T07:54:33","modified_gmt":"2017-03-28T07:54:33","slug":"tour-10-amplia-su-negocio-y-presenta-sus-nuevos-paquetes-turisticos-en-granada","status":"publish","type":"post","link":"https:\/\/granadacostaglobal.es\/?p=11071","title":{"rendered":"Tour 10 ampl\u00eda su negocio y presenta sus nuevos paquetes tur\u00edsticos en Granada"},"content":{"rendered":"<h5>El turoperador se estrena en el mundo de la paqueter\u00eda con planes muy atractivos para Semana Santa<\/h5>\n<p style=\"text-align: justify;\">Tour 10, mayorista con m\u00e1s de 13 a\u00f1os de experiencia en el sector, present\u00f3 en Granada el pasado jueves 23 de marzo los nuevos paquetes tur\u00edsticos que el turoperador ha lanzado a la venta para viajar a un gran n\u00famero de destinos internacionales.<\/p>\n<p style=\"text-align: justify;\">Un total de 35 agencias de viajes de la provincia andaluza asistieron a dicha presentaci\u00f3n en el Hotel Vincci Albayzin, de cuatro estrellas, con el fin de conocer de primera mano los nuevos programas vacacionales del mayorista, cuyo objetivo es diversificar su negocio y ofrecer un servicio integral que cubra las necesidades del cliente final.<\/p>\n<p style=\"text-align: justify;\">Con este nuevo producto, Tour 10 comienza una nueva trayectoria en el mundo de la paqueter\u00eda tur\u00edstica ofreciendo viajes a Praga, Roma, Par\u00eds, Atenas, Bruselas, \u00c1msterdam, Madeira, Azores, Cabo Verde y Dub\u00e1i con salidas desde M\u00e1laga, Madrid, Barcelona y, puntualmente, desde Sevilla con algunas operaciones especiales.<\/p>\n<p style=\"text-align: justify;\">La presentaci\u00f3n, que se hizo conjuntamente con el Grupo Iberostar y en la que la empresa tambi\u00e9n present\u00f3 su producto, estuvo acompa\u00f1ada de un c\u00f3ctel en el que los agentes pudieron intercambiar impresiones y hablar con las compa\u00f1\u00edas con el fin de resolver todas las cuestiones al respecto.<\/p>\n<p style=\"text-align: justify;\">Entre los programas presentados en Granada, el turoperador dio a conocer algunos de los paquetes planteados para la pr\u00f3xima Semana Santa, siendo Roma y Praga los destinos propuestos para disfrutar de cuatro d\u00edas inolvidables con vuelo directo de ida y vuelta desde M\u00e1laga, traslados aeropuerto-hotel-aeropuerto, tasas aeroportuarias, tres noches de alojamiento, desayuno y algunas excursiones incluidas.<\/p>\n<p style=\"text-align: justify;\">Asimismo, quienes lo deseen pueden contratar un paquete completo para disfrutar de una visita guiada por la ciudad y entradas a algunos de los lugares m\u00e1s emblem\u00e1ticos. En <strong>Roma<\/strong>, desde 599 euros por persona, el turoperador ofrece alojamiento en el Hotel Barcel\u00f3 Aran Mantegna, de 4*, y la posibilidad de incluir una visita a los Museos Vaticanos y la Bas\u00edlica de San Pedro.<\/p>\n<p style=\"text-align: justify;\">Por otro lado, <strong>Praga<\/strong>, desde 560 euros por persona, incluye tres noches de alojamiento en hotel de tres o cuatro estrellas y un paseo por el r\u00edo Moldava con una impresionante panor\u00e1mica de la ciudad. Tour 10 ofrece la posibilidad de contratar el paquete completo para disfrutar de una visita guiada por la ciudad, una entrada al Teatro Negro y una cena en el restaurante U Fleku, la cervecer\u00eda m\u00e1s antigua de la ciudad donde probar la cerveza checa, una de las mejores del mundo.<\/p>\n","protected":false},"excerpt":{"rendered":"<p>El turoperador se estrena en el mundo de la paqueter\u00eda con planes muy atractivos para Semana Santa Tour 10, mayorista&hellip;<\/p>\n","protected":false},"author":2,"featured_media":11072,"comment_status":"open","ping_status":"open","sticky":false,"template":"","format":"standard","meta":{"om_disable_all_campaigns":false,"_mi_skip_tracking":false,"_monsterinsights_sitenote_active":false,"_monsterinsights_sitenote_note":"","_monsterinsights_sitenote_category":0,"footnotes":""},"categories":[22],"tags":[],"aioseo_notices":[],"_links":{"self":[{"href":"https:\/\/granadacostaglobal.es\/index.php?rest_route=\/wp\/v2\/posts\/11071"}],"collection":[{"href":"https:\/\/granadacostaglobal.es\/index.php?rest_route=\/wp\/v2\/posts"}],"about":[{"href":"https:\/\/granadacostaglobal.es\/index.php?rest_route=\/wp\/v2\/types\/post"}],"author":[{"embeddable":true,"href":"https:\/\/granadacostaglobal.es\/index.php?rest_route=\/wp\/v2\/users\/2"}],"replies":[{"embeddable":true,"href":"https:\/\/granadacostaglobal.es\/index.php?rest_route=%2Fwp%2Fv2%2Fcomments&post=11071"}],"version-history":[{"count":0,"href":"https:\/\/granadacostaglobal.es\/index.php?rest_route=\/wp\/v2\/posts\/11071\/revisions"}],"wp:featuredmedia":[{"embeddable":true,"href":"https:\/\/granadacostaglobal.es\/index.php?rest_route=\/"}],"wp:attachment":[{"href":"https:\/\/granadacostaglobal.es\/index.php?rest_route=%2Fwp%2Fv2%2Fmedia&parent=11071"}],"wp:term":[{"taxonomy":"category","embeddable":true,"href":"https:\/\/granadacostaglobal.es\/index.php?rest_route=%2Fwp%2Fv2%2Fcategories&post=11071"},{"taxonomy":"post_tag","embeddable":true,"href":"https:\/\/granadacostaglobal.es\/index.php?rest_route=%2Fwp%2Fv2%2Ftags&post=11071"}],"curies":[{"name":"wp","href":"https:\/\/api.w.org\/{rel}","templated":true}]}}