{"id":11068,"date":"2017-03-28T07:50:40","date_gmt":"2017-03-28T07:50:40","guid":{"rendered":"http:\/\/granadacostanacional.es\/?p=11068"},"modified":"2017-03-28T07:50:40","modified_gmt":"2017-03-28T07:50:40","slug":"torremolinos-sera-sede-de-la-feria-home-fair-costa-del-sol-que-pondra-en-valor-las-oportunidades-de-inversion-residencial-en-la-costa-del-sol","status":"publish","type":"post","link":"https:\/\/granadacostaglobal.es\/?p=11068","title":{"rendered":"TORREMOLINOS SER\u00c1 SEDE DE LA FERIA \u2018HOME FAIR COSTA DEL SOL\u2019, QUE PONDR\u00c1 EN VALOR LAS OPORTUNIDADES DE INVERSI\u00d3N RESIDENCIAL EN LA COSTA DEL SOL"},"content":{"rendered":"<h5>El sal\u00f3n se celebra del 7 al 9 de abril, y reunir\u00e1 a expositores que ofrecen m\u00faltiples soluciones para el hogar<\/h5>\n<p style=\"text-align: justify;\">El mercado inmobiliario contin\u00faa remontando al alza, y en 2016 solo en lo que concierne a la provincia de M\u00e1laga, las operaciones de compraventa superaron en un 6\u20196 por ciento las registradas el a\u00f1o anterior con algo m\u00e1s de los 26.000 contratos. Ligada a esta creciente demanda se reactiva en paralelo una necesidad de servicios: el de la construcci\u00f3n, reforma, rehabilitaci\u00f3n, asesoramiento multidisciplinar, dise\u00f1o o decoraci\u00f3n de estas viviendas, servicios que se van a reunir del 7 al 9 de abril en la \u2018Home Fair Costa del Sol\u2019 (Feria del Hogar y Estilo de Vida), en el Palacio de Congresos de Torremolinos.<\/p>\n<p style=\"text-align: justify;\">Espa\u00f1a gana atractivo en el mercado europeo como opci\u00f3n de segunda residencia para visitantes en pa\u00edses sobre todo del norte del continente. Factores como el clima, el \u00edndice de calidad y estilo de vida, las oportunidades de inversi\u00f3n inmobiliaria tras la contracci\u00f3n de los precios, entre otros, sit\u00faan a nuestro pa\u00eds y a la Costa del Sol en una posici\u00f3n de ventaja en la realizaci\u00f3n de inversiones extranjeras ligadas a la adquisici\u00f3n de primera o segunda residencia.<\/p>\n<p style=\"text-align: justify;\">Organizada por el grupo asesor Advice Group Spain SL, \u2018Home Fair Costa del Sol\u2019 reunir\u00e1 por espacio de tres d\u00edas en el Palacio de Congresos de Torremolinos una amplia variedad de expositores nacionales e internacionales, especializados en la orientaci\u00f3n y asesoramiento sobre distintos aspectos relativos no solo al sector inmobiliario, tambi\u00e9n en el concepto global de calidad de vida que re\u00fane la Costa del Sol.<\/p>\n<p style=\"text-align: justify;\">Adem\u00e1s de conocer las oportunidades de compraventas inmobiliarias de la mano de agencias, la feria reunir\u00e1 como expositores a empresas y profesionales de servicios vinculados en todo el proceso de creaci\u00f3n del \u2018hogar\u2019 y el establecimiento de la residencia. As\u00ed habr\u00e1 empresas de dise\u00f1o de interiores; de construcci\u00f3n, reforma y renovaci\u00f3n; arquitectura, iluminaci\u00f3n, cortinas de cristal, servicios fiscal y jur\u00eddico, alquiler vacacional, dise\u00f1o de jardines y espacios, asesoramiento financiero, escaleras met\u00e1licas de dise\u00f1o, transferencias monetarias, servicios de ocio, seguros, casas m\u00f3viles<\/p>\n<p>&nbsp;<\/p>\n","protected":false},"excerpt":{"rendered":"<p>El sal\u00f3n se celebra del 7 al 9 de abril, y reunir\u00e1 a expositores que ofrecen m\u00faltiples soluciones para el&hellip;<\/p>\n","protected":false},"author":2,"featured_media":11069,"comment_status":"open","ping_status":"open","sticky":false,"template":"","format":"standard","meta":{"om_disable_all_campaigns":false,"_mi_skip_tracking":false,"_monsterinsights_sitenote_active":false,"_monsterinsights_sitenote_note":"","_monsterinsights_sitenote_category":0,"footnotes":""},"categories":[22],"tags":[],"aioseo_notices":[],"_links":{"self":[{"href":"https:\/\/granadacostaglobal.es\/index.php?rest_route=\/wp\/v2\/posts\/11068"}],"collection":[{"href":"https:\/\/granadacostaglobal.es\/index.php?rest_route=\/wp\/v2\/posts"}],"about":[{"href":"https:\/\/granadacostaglobal.es\/index.php?rest_route=\/wp\/v2\/types\/post"}],"author":[{"embeddable":true,"href":"https:\/\/granadacostaglobal.es\/index.php?rest_route=\/wp\/v2\/users\/2"}],"replies":[{"embeddable":true,"href":"https:\/\/granadacostaglobal.es\/index.php?rest_route=%2Fwp%2Fv2%2Fcomments&post=11068"}],"version-history":[{"count":0,"href":"https:\/\/granadacostaglobal.es\/index.php?rest_route=\/wp\/v2\/posts\/11068\/revisions"}],"wp:featuredmedia":[{"embeddable":true,"href":"https:\/\/granadacostaglobal.es\/index.php?rest_route=\/"}],"wp:attachment":[{"href":"https:\/\/granadacostaglobal.es\/index.php?rest_route=%2Fwp%2Fv2%2Fmedia&parent=11068"}],"wp:term":[{"taxonomy":"category","embeddable":true,"href":"https:\/\/granadacostaglobal.es\/index.php?rest_route=%2Fwp%2Fv2%2Fcategories&post=11068"},{"taxonomy":"post_tag","embeddable":true,"href":"https:\/\/granadacostaglobal.es\/index.php?rest_route=%2Fwp%2Fv2%2Ftags&post=11068"}],"curies":[{"name":"wp","href":"https:\/\/api.w.org\/{rel}","templated":true}]}}