{"id":11061,"date":"2017-03-28T07:44:39","date_gmt":"2017-03-28T07:44:39","guid":{"rendered":"http:\/\/granadacostanacional.es\/?p=11061"},"modified":"2017-03-28T07:44:39","modified_gmt":"2017-03-28T07:44:39","slug":"loquenoexiste-lanza-genios-y-creativos-como-reconocer-su-talento","status":"publish","type":"post","link":"https:\/\/granadacostaglobal.es\/?p=11061","title":{"rendered":"LoQueNoExiste lanza Genios y creativos. C\u00f3mo reconocer su talento"},"content":{"rendered":"<h5>Del eminente asturiano, escritor, psiquiatra, psic\u00f3logo y acad\u00e9mico Francisco Alonso-Fern\u00e1ndez.<\/h5>\n<p style=\"text-align: justify;\">Arropado por Esperanza Aguirre, Mercedes Pescador, Valent\u00edn Mart\u00ednez-Otero y decenas de amigos, el doctor Francisco Alonso-Fern\u00e1ndez dio una lecci\u00f3n sobre el talento, la noche del jueves 23 de marzo en el Centro Asturiano de Madrid: \u201cMientras el genio es la chispa humana que inventa, descubre o crea, el sabio es el maestro del aprendizaje convencional\u201d, destac\u00f3.<\/p>\n<p style=\"text-align: justify;\">LoQueNoExiste lanza esta obra para descubrir los entresijos de la personalidad de genios, creativos, superdotados o idiotas, expresados por el sabio autor en este t\u00edtulo Genios y creativos. Esta es la segunda obra del Dr. Alonso-Fern\u00e1ndez que edita el sello LoQueNoExiste, tras Depresi\u00f3n. Todas las respuestas para entenderla y superarla.<br \/>\nDoctor en Psiquiatr\u00eda y Psicolog\u00eda y experto en psicohistoria, el autor explica con maestr\u00eda en este libro las diferencias entre sabios, superdotados y genios, indagando en sus comportamientos y actitudes. Lo hace a trav\u00e9s de un repaso a las diversas personalidades de la literatura, la m\u00fasica o la pintura. A la presentaci\u00f3n del libro, celebrado en el Centro Asturiano de Madrid, acudieron m\u00e1s de 150 personas. Esperanza Aguirre, portavoz del Grupo Municipal del Partido Popular, destac\u00f3 \u201cGenios y creativos es, antes que nada, la obra de un lector apasionado, de un acreditado degustador de obras de arte y de un admirador de los grandes inventores y descubridores que ha dado la Humanidad. La caracter\u00edstica diferencial de esta obra estriba en la condici\u00f3n profesional de Francisco Alonso-Fern\u00e1ndez. Esta es la clave de la obra, la mirada del especialista, del psiquiatra, del indagador en los entresijos del alma humana.\u201d.<\/p>\n<p style=\"text-align: justify;\">\u201cEsta obra un ensayo de referencia para empresarios, directivos y cualquier persona que desee conocer m\u00e1s las diversas capacidades del ser humano\u201d, se\u00f1al\u00f3 Mercedes Pescador, fundadora de LoQueNoExiste.<br \/>\n\u00bfC\u00f3mo son los genios? Esta es la pregunta a la que responde el Dr. Alonso-Fern\u00e1ndez a lo largo de siete cap\u00edtulos dedicados a explorar con certeras pinceladas las diferentes facetas del genio como su inteligencia, sus circunstancias y su relaci\u00f3n con la familia y el trabajo, entre otros. Ofrece una visi\u00f3n sobre las otras dos estirpes de personas eminentes: los superdotados y los sabios.<\/p>\n<p style=\"text-align: justify;\"><strong>La influencia familiar<\/strong><\/p>\n<p style=\"text-align: justify;\">El autor aborda a lo largo de 316 p\u00e1ginas el paradigma de los genios. \u201cLa motivaci\u00f3n, el esfuerzo de entrega, el tes\u00f3n o el nivel intelectual son algunos de los rasgos comunes para la fermentaci\u00f3n de la creatividad genial\u201d, explica el Dr. Alonso-Fern\u00e1ndez, que insiste en que \u201cel genio no nace ni se hace\u201d; es producto de un desarrollo gen\u00e9ticoambiental multifactorial en el que corresponde al entorno familiar el papel de despertador y estimulador de la eclosi\u00f3n del genio.<\/p>\n<p style=\"text-align: justify;\">Como explica el eminente psiquiatra, los genios se han enfrentado tradicionalmente a la incomprensi\u00f3n del entorno. \u201cLa persona creativa suele suscitar recelos y hostilidad en los dem\u00e1s, debido a su comportamiento individualista e independiente\u201d, recuerda el Dr. Alonso-Fern\u00e1ndez. A estos rasgos se a\u00f1ade tambi\u00e9n la resiliencia y elevada seguridad<br \/>\nen s\u00ed mismos que muestran las personas creativas.<\/p>\n<p style=\"text-align: justify;\">\u201cEn la interacci\u00f3n social el superdotado y el genio se encuentran en las ant\u00edpodas: el superdotado, encorsetado en la sociedad como un triunfador nato en las pruebas acad\u00e9micas y en la gesti\u00f3n empresarial; la persona creativa, objeto de incomprensi\u00f3n y recibido por doquier con recelo y desconfianza\u201d, apunta el Dr. Alonso-Fern\u00e1ndez.<\/p>\n<p style=\"text-align: justify;\"><strong>C\u00f3mo son los creativos: Trabajadores y responsables<\/strong><\/p>\n<p style=\"text-align: justify;\">El mismo Edison (1847-1931), inventor del tel\u00e9grafo, el fon\u00f3grafo, el microtel\u00e9fono o la l\u00e1mpara el\u00e9ctrica entre otras muchas, afirmaba que el uno por ciento de la creatividad es inspiraci\u00f3n y el 99 por ciento transpiraci\u00f3n o trabajo. \u201cSin una dedicaci\u00f3n al trabajo mantenida con tenacidad, disciplina y sacrificio, la creatividad suele dispersarse sin alcanzar ning\u00fan resultado s\u00f3lido. La personalidad creadora se encuentra, pues, organizada en torno a la independencia, la libertad cr\u00edtica ante s\u00ed mismo y los dem\u00e1s, el sentido del humor y la voluntad de trabajo\u201d, asegura el Dr. Alonso-Fern\u00e1ndez.<br \/>\nEn el transcurso de las p\u00e1ginas de Genios y Creativos puede encontrar el lector interesantes retratos de las personalidades de grandes mentes, analizando su genialidad y psicopatolog\u00eda. M\u00fasicos como Bach, Beethoven, H\u00e4ndel, Robert Schumann, Gustav Mahler\u2026, escritores como Goethe, Hemingway, Marcel Proust, Dostoievsky, Baudelaire, Mariano Jos\u00e9 de Larra, Stephan Zweig, Virginia Woolf\u2026, o genios, en may\u00fasculas, como el gran Miguel Angel, aparecen a lo largo de las p\u00e1ginas<br \/>\nde este libro.<\/p>\n<p style=\"text-align: justify;\">Genios y Creativos rompe tambi\u00e9n con algunos mitos, como los que asocian creatividad y juventud. \u201cEl creador a menudo se supera a s\u00ed mismo y realiza sus mejores obras en los \u00faltimos a\u00f1os de su vida\u201d, recuerda el autor, que cita los casos de El Greco, Goya, Tiziano y otros. \u201cThomas Mann, cumplidos los setenta a\u00f1os, escribi\u00f3 dos de sus mejores libros: El Doctor Fausto y Confesiones de F\u00e9lix Krull\u201d, cita Francisco Alonso- Fern\u00e1ndez.<\/p>\n<p style=\"text-align: justify;\">Genios y Creativos se encuentra disponible en las principales librer\u00edas en formato digital e impreso, tambi\u00e9n puede adquirirse a trav\u00e9s de www.loquenoexiste.es.<\/p>\n<p>Algunas citas del autor:<br \/>\n\uf0de \u201cLa pol\u00edtica internacional y la regulaci\u00f3n universitaria parecen haberse puesto de acuerdo para favorecer a los superdotados e ignorar a los creativos\u201d<br \/>\n\uf0de \u201cLa tarjeta de identidad del genio consiste en un exuberante talento creativo\u201d.<br \/>\n\uf0de \u201cEsta obra es un instrumento formativo v\u00e1lido para las tres estirpes de personas eminentes, junto con la observaci\u00f3n, que es el libro de la vida\u201d<br \/>\n\uf0de \u201cAunque la formaci\u00f3n b\u00e1sica facilita el despliegue posterior de la genialidad, la clave espec\u00edfica del genio no reside en ella\u201d.<br \/>\n\uf0de \u201cLa ense\u00f1anza masificada no deja espacio libre al sujeto creativo\u201d<br \/>\n\uf0de \u201cMientras el genio es la chispa humana que inventa, descubre o crea, el sabio es el maestro del aprendizaje convencional\u201d<br \/>\n\uf0de \u201cLa modalidad de pareja que ha engendrado mayor n\u00famero de escritores creativos o geniales es la integrada por un padre desaparecido o borracho y una madre amant\u00edsima, intocable y virgen a los ojos del ni\u00f1o\u201d.<\/p>\n<p style=\"text-align: justify;\"><a href=\"http:\/\/granadacostanacional.es\/wp-content\/uploads\/2017\/03\/Portada_GYC_para_ficha.jpg\"><img decoding=\"async\" loading=\"lazy\" class=\"wp-image-11063 aligncenter\" src=\"http:\/\/granadacostanacional.es\/wp-content\/uploads\/2017\/03\/Portada_GYC_para_ficha-193x300.jpg\" alt=\"Portada_GYC_para_ficha\" width=\"241\" height=\"375\" \/><\/a><\/p>\n<p style=\"text-align: justify;\"><strong>EL AUTOR, DR. ALONSO-FERN\u00c1NDEZ<\/strong><\/p>\n<p style=\"text-align: justify;\">Francisco Alonso-Fern\u00e1ndez es m\u00e9dico psiquiatra de prestigio mundial. Catedr\u00e1tico jefe del Departamento de Psiquiatr\u00eda y<br \/>\nPsicolog\u00eda M\u00e9dica en la Universidad Complutense de Madrid desde 1977, es catedr\u00e1tico em\u00e9rito de ese mismo departamento desde 1990. A los 23 a\u00f1os se sac\u00f3 la oposici\u00f3n de Psiquiatra del Estado, siendo el m\u00e1s joven de todas las promociones en conseguirla. Fue destinado a A Coru\u00f1a donde trabaj\u00f3 durante 20 a\u00f1os. A los 44 a\u00f1os consigui\u00f3 la c\u00e1tedra en Sevilla, donde estuvo siete a\u00f1os, y en 1977 se traslad\u00f3 a la Complutense de Madrid.<\/p>\n<p style=\"text-align: justify;\">Es miembro de la Real Academia Nacional de Medicina y Correspondiente de la Real Academia de Bellas Artes. Ha sido nombrado presidente de honor de la Asociaci\u00f3n Iberolatinoamericana de Psiquiatr\u00eda, de la Sociedad Europea de Psiquiatr\u00eda Social y del Instituto de Psiquiatras de Lengua Espa\u00f1ola. Es, adem\u00e1s, miembro de honor de sociedades cient\u00edficas de psiquiatr\u00eda de quince pa\u00edses europeos y americanos. Ha sido nombrado doctor honoris causa por las universidades de Montevideo, Santo Domingo, Maim\u00f3nides de Buenos Aires y Fernando Pessoa de Oporto y profesor honorario por otras ocho universidades.<\/p>\n<p style=\"text-align: justify;\">Entre las numerosas distinciones recibidas a lo largo de su carrera, cabe destacar el Premio a la Excelencia Sanitaria concedido por el Instituto Europeo de Salud y Bienestar Social de la OMS y el Premio a la Investigaci\u00f3n en Psiquiatr\u00eda, por el Instituto Superior de Estudios Sanitarios de Roma.<\/p>\n<p>Es autor de cincuenta y tres libros y quinientos art\u00edculos cient\u00edficos publicados en revistas nacionales y extranjeras. Es creador de un m\u00e9todo patentado para la detecci\u00f3n, el diagn\u00f3stico, la clasificaci\u00f3n y el seguimiento de la depresi\u00f3n.<\/p>\n<p style=\"text-align: justify;\"><strong>LA EDITORIAL<\/strong><\/p>\n<p style=\"text-align: justify;\">La editorial LoQueNoExiste fue creada por Mercedes Pescador en 2007 con el fin de lanzar libros en tem\u00e1ticas necesarias, de gran impacto social y contribuir a su difusi\u00f3n. Otros t\u00edtulos en son: Comunicaci\u00f3n en cuatro pasos, de Mercedes Pescador; Mujer, poder y dinero, de Alicia E. Kaufmann, Depresi\u00f3n. Todas las respuestas para entenderla y superarla, de Francisco Alonso- Fern\u00e1ndez y Rosi Rodriguez Loranca; You Can Do It! El \u00faltimo empuj\u00f3n a tu ingl\u00e9s, de Hel\u00e9na Kur\u00e7ab; o Lo importante no es c\u00f3mo te caes, sino c\u00f3mo te levantas, de Stanley Bendelac. LoQueNoExiste cuenta con la agencia Medialuna, que coordina las campa\u00f1as de Comunicaci\u00f3n y Relaciones P\u00fablicas de cada uno de sus lanzamientos editoriales.<\/p>\n","protected":false},"excerpt":{"rendered":"<p>Del eminente asturiano, escritor, psiquiatra, psic\u00f3logo y acad\u00e9mico Francisco Alonso-Fern\u00e1ndez. Arropado por Esperanza Aguirre, Mercedes Pescador, Valent\u00edn Mart\u00ednez-Otero y decenas&hellip;<\/p>\n","protected":false},"author":2,"featured_media":11062,"comment_status":"open","ping_status":"open","sticky":false,"template":"","format":"standard","meta":{"om_disable_all_campaigns":false,"_mi_skip_tracking":false,"_monsterinsights_sitenote_active":false,"_monsterinsights_sitenote_note":"","_monsterinsights_sitenote_category":0,"footnotes":""},"categories":[22],"tags":[],"aioseo_notices":[],"_links":{"self":[{"href":"https:\/\/granadacostaglobal.es\/index.php?rest_route=\/wp\/v2\/posts\/11061"}],"collection":[{"href":"https:\/\/granadacostaglobal.es\/index.php?rest_route=\/wp\/v2\/posts"}],"about":[{"href":"https:\/\/granadacostaglobal.es\/index.php?rest_route=\/wp\/v2\/types\/post"}],"author":[{"embeddable":true,"href":"https:\/\/granadacostaglobal.es\/index.php?rest_route=\/wp\/v2\/users\/2"}],"replies":[{"embeddable":true,"href":"https:\/\/granadacostaglobal.es\/index.php?rest_route=%2Fwp%2Fv2%2Fcomments&post=11061"}],"version-history":[{"count":0,"href":"https:\/\/granadacostaglobal.es\/index.php?rest_route=\/wp\/v2\/posts\/11061\/revisions"}],"wp:featuredmedia":[{"embeddable":true,"href":"https:\/\/granadacostaglobal.es\/index.php?rest_route=\/"}],"wp:attachment":[{"href":"https:\/\/granadacostaglobal.es\/index.php?rest_route=%2Fwp%2Fv2%2Fmedia&parent=11061"}],"wp:term":[{"taxonomy":"category","embeddable":true,"href":"https:\/\/granadacostaglobal.es\/index.php?rest_route=%2Fwp%2Fv2%2Fcategories&post=11061"},{"taxonomy":"post_tag","embeddable":true,"href":"https:\/\/granadacostaglobal.es\/index.php?rest_route=%2Fwp%2Fv2%2Ftags&post=11061"}],"curies":[{"name":"wp","href":"https:\/\/api.w.org\/{rel}","templated":true}]}}