{"id":11058,"date":"2017-03-27T11:46:34","date_gmt":"2017-03-27T11:46:34","guid":{"rendered":"http:\/\/granadacostanacional.es\/?p=11058"},"modified":"2017-03-27T11:46:34","modified_gmt":"2017-03-27T11:46:34","slug":"carta-a-paloma-gomez-borrero","status":"publish","type":"post","link":"https:\/\/granadacostaglobal.es\/?p=11058","title":{"rendered":"Carta a Paloma G\u00f3mez Borrero"},"content":{"rendered":"<p style=\"text-align: justify;\">Querida Paloma:<\/p>\n<p style=\"text-align: justify;\">No s\u00e9 c\u00f3mo empezar una carta que estar\u00e1s leyendo en el cielo, junto a Juan Pablo II. \u00c9l te ha acercado al cielo porque desde ese lugar vas a seguir hablando con todos, como te gustaba, con la madre Teresa de Calcuta, con tus frailecillos\u2026, de todas las cosas \u00fanicas que has vivido y que he tenido la fortuna de charlar contigo, adem\u00e1s de disfrutar de tu ampl\u00edsima cultura y de tu entrega y calidez personal. Un d\u00eda habl\u00e1bamos de arte, danza o pintura, otro de cocina, m\u00fasica, amigos, y al siguiente de hijos y nietos.<\/p>\n<p style=\"text-align: justify;\">\u00a0\u00a0\u00a0\u00a0 En estos treinta a\u00f1os de amistad, el pasado a\u00f1o y medio nuestra conversaci\u00f3n fue m\u00e1s intensa porque no nos pon\u00edamos de acuerdo con el lugar en el que vernos. Santa Teresa te tra\u00eda loca, \u00bfte acuerdas? \u00abTerechu, tengo que ir a \u00c1vila. \u00bfNos vemos ah\u00ed?\u201d, y yo no pude. Fuiste a Santo Domingo de la Calzada, a las clarisas, y c\u00f3mo nos re\u00edmos con el milagro del gallo que cant\u00f3 despu\u00e9s de asado. T\u00fa no lo sab\u00edas y te lo tuve que contar porque dec\u00edas que as\u00ed no quedar\u00edas tan mal, y la an\u00e9cdota de Casalareina, otro pueblo importante al que te llevaron con Santa Teresa y el a\u00f1o teresiano. Pero ya sabes, Paloma, si tus viajes coincidian con mis estancias en Anda, pues yo a Anda, y t\u00fa me dec\u00edas, tan entra\u00f1able y cari\u00f1osa, \u00abt\u00fa vete a Anda, a tu rinc\u00f3n, ya nos veremos otro d\u00eda\u00bb. Seguidamente, este pasado diciembre, hablamos mucho para coincidir en Almu\u00f1\u00e9car para que pudieras recibir el premio que te concedi\u00f3 el peri\u00f3dico cultural \u201cGranada Costa\u201d. Tambi\u00e9n result\u00f3 imposible coordinar los enlaces del AVE con tus compromisos con el Carmelo y nuestra Teresa de Jes\u00fas.<\/p>\n<p style=\"text-align: justify;\">\u00a0\u00a0\u00a0\u00a0 Y por fin hace dos semanas, otra vez hablamos un rato largu\u00edsimo, y me dijiste, con esa forma tan tuya y \u00fanica : \u00ab&#8230;hoy en maquillaje me han encontrado con la tez muy amarilla, y yo les dije que pusieran mas maquillaje y ya est\u00e1..\u00bb, te coment\u00e9 que te encontr\u00e9 guap\u00edsima y tu contestaci\u00f3n \u00ab&#8230;milagros del maquillaje\u2026 Las compa\u00f1eras me dijeron \u201cvete al m\u00e9dico\u201d\u00bb, y t\u00fa, \u00ablo he hecho y ya estoy con el rollo de las pruebas, los an\u00e1lisis, pero nada, me limpiar\u00e1n el h\u00edgado y ya est\u00e1\u00bb. Qu\u00e9 genial eres Paloma, hasta cumpliste con la conferencia en aquella Universidad que ahora no recuerdo\u2026 Yo te dije que descansaras si te iban a ingresar el viernes 17. \u00abNi hablar, yo no les dejo colgados\u00bb.<\/p>\n<p style=\"text-align: justify;\">\u00a0\u00a0\u00a0\u00a0 Quince d\u00edas, no puedo creerlo, todo fue bien, estabas animada con tus proyectos, incluso me dijiste que vendr\u00edas a Barcelona al homenaje de Menchu, \u201ctus Inquietudes\u201d, como nos llamabas, \u201cmis ni\u00f1as de Oro\u201d.<\/p>\n<p style=\"text-align: justify;\">\u00a0\u00a0\u00a0\u00a0 Qu\u00e9 enorme tristeza tengo, Paloma, en estos momentos de madrugada. Tu marido, Alberto, un cielo de hombre, me dijo a mediados de semana, \u00abtodo ha ido bien, ll\u00e1mala que le har\u00e1 mucha ilusi\u00f3n, se ha complicado todo por una infecci\u00f3n, pero en unos d\u00edas estar\u00e1 en casa\u00bb.<\/p>\n<p style=\"text-align: justify;\">\u00a0\u00a0\u00a0\u00a0 Pero Dios te ha querido en ese lugar maravilloso donde solo hay PAZ, AMOR y ALEGR\u00cdA, esa que tu desprend\u00edas a raudales con los ojos, la sonrisa y la palabra. A todos y en todos los lugares, siempre cercana, Paloma.<\/p>\n<p style=\"text-align: justify;\">\u00a1Cu\u00eddanos! \u00bfRecuerdas cuando en la tumba de Juan Pablo II le ped\u00edamos su intercesi\u00f3n? Sigue haci\u00e9ndolo, pero mucho m\u00e1s cerca de \u00e9l.<\/p>\n<p style=\"text-align: justify;\">\u00a0\u00a0\u00a0\u00a0 El quince de octubre de este a\u00f1o tengo pensado ir a \u00c1vila, como te promet\u00ed, porque sino mi Santa Teresa no me lo perdonar\u00e1 y t\u00fa tampoco. El abrazo que te iba a dar en \u00c1vila te lo env\u00edo a trav\u00e9s de esta carta, junto con un sentimiento de inmensa gratitud por una amistad como la tuya, que me ha marcado profundamente.<\/p>\n<p>&nbsp;<\/p>\n<p style=\"text-align: right;\">\u00a0\u00a0\u00a0\u00a0 Te quiere,<\/p>\n<p style=\"text-align: right;\">\u00a0\u00a0\u00a0\u00a0\u00a0\u00a0\u00a0\u00a0\u00a0<em><strong>\u00a0\u00a0\u00a0\u00a0\u00a0\u00a0 Terechu G\u00f3mez-Reino Alonso<\/strong><\/em><\/p>\n","protected":false},"excerpt":{"rendered":"<p>Querida Paloma: No s\u00e9 c\u00f3mo empezar una carta que estar\u00e1s leyendo en el cielo, junto a Juan Pablo II. \u00c9l&hellip;<\/p>\n","protected":false},"author":2,"featured_media":11059,"comment_status":"open","ping_status":"open","sticky":false,"template":"","format":"standard","meta":{"om_disable_all_campaigns":false,"_mi_skip_tracking":false,"_monsterinsights_sitenote_active":false,"_monsterinsights_sitenote_note":"","_monsterinsights_sitenote_category":0,"footnotes":""},"categories":[21],"tags":[],"aioseo_notices":[],"_links":{"self":[{"href":"https:\/\/granadacostaglobal.es\/index.php?rest_route=\/wp\/v2\/posts\/11058"}],"collection":[{"href":"https:\/\/granadacostaglobal.es\/index.php?rest_route=\/wp\/v2\/posts"}],"about":[{"href":"https:\/\/granadacostaglobal.es\/index.php?rest_route=\/wp\/v2\/types\/post"}],"author":[{"embeddable":true,"href":"https:\/\/granadacostaglobal.es\/index.php?rest_route=\/wp\/v2\/users\/2"}],"replies":[{"embeddable":true,"href":"https:\/\/granadacostaglobal.es\/index.php?rest_route=%2Fwp%2Fv2%2Fcomments&post=11058"}],"version-history":[{"count":0,"href":"https:\/\/granadacostaglobal.es\/index.php?rest_route=\/wp\/v2\/posts\/11058\/revisions"}],"wp:featuredmedia":[{"embeddable":true,"href":"https:\/\/granadacostaglobal.es\/index.php?rest_route=\/"}],"wp:attachment":[{"href":"https:\/\/granadacostaglobal.es\/index.php?rest_route=%2Fwp%2Fv2%2Fmedia&parent=11058"}],"wp:term":[{"taxonomy":"category","embeddable":true,"href":"https:\/\/granadacostaglobal.es\/index.php?rest_route=%2Fwp%2Fv2%2Fcategories&post=11058"},{"taxonomy":"post_tag","embeddable":true,"href":"https:\/\/granadacostaglobal.es\/index.php?rest_route=%2Fwp%2Fv2%2Ftags&post=11058"}],"curies":[{"name":"wp","href":"https:\/\/api.w.org\/{rel}","templated":true}]}}