{"id":10989,"date":"2017-03-24T16:44:45","date_gmt":"2017-03-24T16:44:45","guid":{"rendered":"http:\/\/granadacostanacional.es\/?p=10989"},"modified":"2017-03-24T16:44:45","modified_gmt":"2017-03-24T16:44:45","slug":"24-horas-de-poesia-granada-costa-en-su-tercer-ano","status":"publish","type":"post","link":"https:\/\/granadacostaglobal.es\/?p=10989","title":{"rendered":"24 horas de poes\u00eda Granada Costa en su tercer a\u00f1o"},"content":{"rendered":"<h4><em>L<\/em><em>ugar de encuentro, experiencia art\u00edstica y humana, amistad, solidaridad, cultura, poes\u00eda\u2026<\/em><\/h4>\n<p>\u201cEl que no sepa rezar,\/ que vaya por esos mares,\/ y ver\u00e1 que pronto aprende \/ sin ense\u00f1\u00e1rselo nadie\u201d.<\/p>\n<p><a href=\"http:\/\/granadacostanacional.es\/wp-content\/uploads\/2017\/03\/IMG_0944.jpg\"><img decoding=\"async\" loading=\"lazy\" class=\"alignnone wp-image-10992\" src=\"http:\/\/granadacostanacional.es\/wp-content\/uploads\/2017\/03\/IMG_0944-300x148.jpg\" alt=\"IMG_0944\" width=\"786\" height=\"388\" \/><\/a><\/p>\n<p style=\"text-align: justify;\">\u00a0\u00a0\u00a0\u00a0\u00a0\u00a0\u00a0\u00a0\u00a0\u00a0\u00a0 Con estos versos termina el poema de Antonio Trueba \u201cEl mar\u201d, en el que se cuenta la salvaci\u00f3n milagrosa de un joven que se lanz\u00f3 al mar en su barquilla y naufrag\u00f3. No sab\u00eda rezar pero en aquellas circunstancias de angustia aprendi\u00f3 a rezar. Algo parecido suele ocurrir cuando se organiza cualquier acto, que se corre un gran riesgo, si no de muerte f\u00edsica, s\u00ed de esp\u00edritu, pues son muchos los factores que hay que barajar, o dicho en rom\u00e1n paladino, como dir\u00eda Gonzalo de Berceo a quien homenajeamos en estas 24 horas de poes\u00eda, son muchos los palillos\u00a0 que hay que mover y muchos los obst\u00e1culos que saltar. Pero afortunadamente, como a\u00f1os anteriores, todo ha llegado a buen t\u00e9rmino.<\/p>\n<p style=\"text-align: justify;\">\u00bfY cu\u00e1l es el esp\u00edritu que anima\u00a0 este complejo engranaje para que todo se desarrolle\u00a0 m\u00e1s o menos dentro de un orden? Un creyente dir\u00eda\u00a0 que la Providencia, un descre\u00eddo que la casualidad, incluso habr\u00e1 quien niegue \u00a0la evidencia. No obstante, existen\u00a0 una serie de elementos sin los cuales ninguna obra que se emprenda puede desarrollarse y terminar con \u00e9xito. Los principales\u00a0 son:<\/p>\n<p style=\"text-align: justify;\"><strong><u>SOLIDARIDAD.-<\/u><\/strong>\u00a0 Nada puede funcionar sin una estructura s\u00f3lida y a la vez din\u00e1mica que una a un conjunto de personas diversas y \u00a0que vincule a cada una con las otras que forman el conjunto. Esa estructura s\u00f3lida se llama Granada Costa. \u00bfY qui\u00e9n es Granada Costa? En este caso podemos decir como el pueblo de Fuente Ovejuna: \u201cTodos a una\u201d.\u00a0 Todos sus componentes, cada cual a su manera seg\u00fan su formaci\u00f3n, capacidades, aptitudes, gustos, afinidades y valores, participando de forma voluntaria y libre al mantenimiento de esta estructura cultural que es Granada Costa.<\/p>\n<p style=\"text-align: justify;\"><a href=\"http:\/\/granadacostanacional.es\/wp-content\/uploads\/2017\/03\/IMG_0686.jpg\"><img decoding=\"async\" loading=\"lazy\" class=\"alignnone wp-image-10993\" src=\"http:\/\/granadacostanacional.es\/wp-content\/uploads\/2017\/03\/IMG_0686-300x288.jpg\" alt=\"IMG_0686\" width=\"282\" height=\"271\" \/><\/a> <a href=\"http:\/\/granadacostanacional.es\/wp-content\/uploads\/2017\/03\/IMG_0710.jpg\"><img decoding=\"async\" loading=\"lazy\" class=\"alignnone size-medium wp-image-10994\" src=\"http:\/\/granadacostanacional.es\/wp-content\/uploads\/2017\/03\/IMG_0710-300x186.jpg\" alt=\"IMG_0710\" width=\"300\" height=\"186\" \/><\/a><\/p>\n<p style=\"text-align: justify;\">\u00a0\u00a0\u00a0\u00a0\u00a0\u00a0\u00a0\u00a0\u00a0\u00a0\u00a0 En esta participaci\u00f3n no s\u00f3lo lo hacen con la aportaci\u00f3n de medios materiales que es relativamente f\u00e1cil, adem\u00e1s de que en estos casos\u00a0 casi siempre se busca su reconocimiento, si no que lo hacen con algo que es verdaderamente valioso: d\u00e1ndose ellos mismos, participando sin escatimar tiempo, trabajo y a veces no pocas incomodidades y con coste econ\u00f3mico puesto que se han tenido que desplazar hasta Molv\u00edzar desde Valencia, Alicante, Palma de Mallorca, Ja\u00e9n, Sevilla, M\u00e1laga, Granada\u2026\u00a0 y si es bueno dar cuando te piden, es a\u00fan mejor dar sin que te rueguen, comprendiendo como ocurre siempre en Granada Costa. El dar, adem\u00e1s de ser una virtud es un arte.<\/p>\n<p style=\"text-align: justify;\"><a href=\"http:\/\/granadacostanacional.es\/wp-content\/uploads\/2017\/03\/IMG_0678.jpg\"><img decoding=\"async\" loading=\"lazy\" class=\"alignnone wp-image-10995\" src=\"http:\/\/granadacostanacional.es\/wp-content\/uploads\/2017\/03\/IMG_0678-300x166.jpg\" alt=\"IMG_0678\" width=\"490\" height=\"271\" \/><\/a><\/p>\n<p style=\"text-align: justify;\">\u00a0\u00a0\u00a0\u00a0\u00a0\u00a0\u00a0\u00a0\u00a0\u00a0\u00a0 Todos los que hemos participado en estas 24 horas de poes\u00eda nos ha unido solidariamente con actitud generosa, cooperadora y desinteresada en un especial empe\u00f1o en sacar adelante estas jornadas culturales de conferencias, recitales y escenificaciones teatrales. Y conforme iban pasando las horas, en vez de cansancio experiment\u00e1bamos un gozo y una energ\u00eda, una emoci\u00f3n y un sentimiento que yo no s\u00e9 expresar, pero el fil\u00f3sofo franc\u00e9s Bergson s\u00ed lo expres\u00f3 con belleza cuando en su libro \u201cLa energ\u00eda espiritual\u201d, dec\u00eda de estos casos que \u201cse anunciaba que la vida hab\u00eda triunfado\u201d.<\/p>\n<p style=\"text-align: justify;\"><a href=\"http:\/\/granadacostanacional.es\/wp-content\/uploads\/2017\/03\/IMG_0746.jpg\"><img decoding=\"async\" loading=\"lazy\" class=\"alignnone wp-image-10996\" src=\"http:\/\/granadacostanacional.es\/wp-content\/uploads\/2017\/03\/IMG_0746-300x165.jpg\" alt=\"IMG_0746\" width=\"544\" height=\"299\" \/><\/a><\/p>\n<p style=\"text-align: justify;\"><strong><u>\u00bfQU\u00c9 RECIBIMOS?<\/u><\/strong><\/p>\n<p style=\"text-align: justify;\">\u00a0\u00a0\u00a0\u00a0\u00a0\u00a0\u00a0\u00a0\u00a0\u00a0\u00a0 Aunque como se ha apuntado anteriormente todos participamos de forma desinteresada, sin esperar nada a cambio, pues todos sabemos que el dar ya lleva impl\u00edcito el recibir muchas satisfacciones del alma. Adem\u00e1s de estos regalos espirituales el participar activamente tiene en s\u00ed un car\u00e1cter creativo en el que se movilizan y se ponen en marcha nuestras potencialidades, sobre todo la comprensi\u00f3n, pues se suele dar hoy esa situaci\u00f3n parad\u00f3jica\u00a0 de que se puede saberlo todo sin comprender nada y por el contrario como se puede ver en algunos casos, no saber mucho pero comprenderlo todo. La forma m\u00e1s elemental de la creatividad es la comprensi\u00f3n. Se nos da tambi\u00e9n la oportunidad de subirnos a un escenario en un auditorio ante un p\u00fablico que espera nuestra actuaci\u00f3n,\u00a0 modesta o tal vez brillante, escuchar a otras personas, aprender,\u00a0 y el privilegio de que nuestro trabajo sobrepase el \u00e1mbito local\u2026\u00a0 todo esto enriquece intelectual y socialmente. Pero con ser muy importante todo esto, hay una que sobresale, que apunta m\u00e1s alto y que sustenta a las dem\u00e1s: la seguridad y la confianza en si mismo. \u00c9ste es el regalo m\u00e1s valioso que un ser humano puede recibir. Y este regalo nos lo da Granada Costa.<\/p>\n<p style=\"text-align: justify;\"><a href=\"http:\/\/granadacostanacional.es\/wp-content\/uploads\/2017\/03\/IMG_1080.jpg\"><img decoding=\"async\" loading=\"lazy\" class=\"alignnone size-medium wp-image-10997\" src=\"http:\/\/granadacostanacional.es\/wp-content\/uploads\/2017\/03\/IMG_1080-183x300.jpg\" alt=\"IMG_1080\" width=\"183\" height=\"300\" \/><\/a> <a href=\"http:\/\/granadacostanacional.es\/wp-content\/uploads\/2017\/03\/IMG_1067.jpg\"><img decoding=\"async\" loading=\"lazy\" class=\"alignnone size-medium wp-image-10998\" src=\"http:\/\/granadacostanacional.es\/wp-content\/uploads\/2017\/03\/IMG_1067-185x300.jpg\" alt=\"IMG_1067\" width=\"185\" height=\"300\" \/><\/a><\/p>\n<p style=\"text-align: justify;\"><a href=\"http:\/\/granadacostanacional.es\/wp-content\/uploads\/2017\/03\/IMG_1174.jpg\"><img decoding=\"async\" loading=\"lazy\" class=\"alignnone wp-image-10999\" src=\"http:\/\/granadacostanacional.es\/wp-content\/uploads\/2017\/03\/IMG_1174-300x255.jpg\" alt=\"IMG_1174\" width=\"225\" height=\"191\" \/><\/a> <a href=\"http:\/\/granadacostanacional.es\/wp-content\/uploads\/2017\/03\/IMG_1104.jpg\"><img decoding=\"async\" loading=\"lazy\" class=\"alignnone wp-image-11000\" src=\"http:\/\/granadacostanacional.es\/wp-content\/uploads\/2017\/03\/IMG_1104-292x300.jpg\" alt=\"IMG_1104\" width=\"207\" height=\"213\" \/><\/a><\/p>\n<p style=\"text-align: justify;\"><a href=\"http:\/\/granadacostanacional.es\/wp-content\/uploads\/2017\/03\/IMG_1267.jpg\"><img decoding=\"async\" loading=\"lazy\" class=\"alignnone size-medium wp-image-11001\" src=\"http:\/\/granadacostanacional.es\/wp-content\/uploads\/2017\/03\/IMG_1267-300x244.jpg\" alt=\"IMG_1267\" width=\"300\" height=\"244\" \/><\/a><\/p>\n<p style=\"text-align: justify;\"><strong><u>EL ARTE DEL ELOGIO <\/u><\/strong><\/p>\n<p style=\"text-align: justify;\">El instrumento que m\u00e1s calado tiene en la sociedad es el elogio, el cumplido. El orador, el actor, el conferenciante y todo aquel que se enfrenta a un p\u00fablico necesita del aplauso y tambi\u00e9n de la cr\u00edtica. La \u00fanica excepci\u00f3n\u00a0 a esta regla es\u00a0 la del predicador y su serm\u00f3n. Alguien ha definido el cumplido, ese gesto de cortes\u00eda y de generosidad como \u201cel arte de agradar\u201d, y beneficia tanto a quien lo recibe como al que lo hace pues pone de manifiesto su nobleza.<\/p>\n<p style=\"text-align: justify;\"><a href=\"http:\/\/granadacostanacional.es\/wp-content\/uploads\/2017\/03\/IMG_0786.jpg\"><img decoding=\"async\" loading=\"lazy\" class=\"alignnone wp-image-11002\" src=\"http:\/\/granadacostanacional.es\/wp-content\/uploads\/2017\/03\/IMG_0786-300x257.jpg\" alt=\"IMG_0786\" width=\"358\" height=\"307\" \/><\/a><\/p>\n<p style=\"text-align: justify;\">\u00a0\u00a0\u00a0\u00a0\u00a0\u00a0\u00a0\u00a0\u00a0\u00a0\u00a0 Hay una clara diferencia entre la lisonja y el cumplido; en aqu\u00e9lla hay una alabanza afectada, de\u00a0 dientes a fuera, de compromiso, o sea, falsa, mientras que en el cumplido hay delicadeza y magia.<\/p>\n<p style=\"text-align: justify;\">\u00a0\u00a0\u00a0\u00a0\u00a0\u00a0\u00a0\u00a0\u00a0\u00a0\u00a0 En estas 24 horas de poes\u00eda todas las intervenciones tuvieron su premio, su cumplido por medio del aplauso; para algunos tal vez el \u00fanico que han tenido en su vida, un elogio personal, rotundo y claro. Y ese es el mejor premio al que se puede aspirar, pues a todos nos agrada ese toque de aliento en ese concepto que todos los humanos tenemos de nuestra val\u00eda personal que debe hacerse notar. Al aplaudir una intervenci\u00f3n se est\u00e1 haciendo un cumplido de m\u00e1ximo rango, algo que no siempre se brinda.<\/p>\n<p style=\"text-align: justify;\"><a href=\"http:\/\/granadacostanacional.es\/wp-content\/uploads\/2017\/03\/IMG_0850.jpg\"><img decoding=\"async\" loading=\"lazy\" class=\"alignnone wp-image-11003\" src=\"http:\/\/granadacostanacional.es\/wp-content\/uploads\/2017\/03\/IMG_0850-300x151.jpg\" alt=\"IMG_0850\" width=\"455\" height=\"229\" \/><\/a><\/p>\n<p style=\"text-align: justify;\">\u00a0\u00a0\u00a0\u00a0\u00a0\u00a0\u00a0\u00a0\u00a0\u00a0\u00a0 Un modelo perfecto del arte del cumplido fue la \u00faltima intervenci\u00f3n de nuestro presidente Sr. Segura en la clausura del acto al elogiar la participaci\u00f3n de cada uno en particular, a t\u00edtulo personal que tiene distinto calado de las generalizaciones; y lo hizo de forma rotunda y clara al tiempo que expresaba la raz\u00f3n de la alabanza. Y estos cumplidos se hicieron al final, con lo que se puede a\u00f1adir tambi\u00e9n el car\u00e1cter de la oportunidad. En definitiva, podemos decir con toda seguridad que en el arte del elogio fue un maestro.<\/p>\n<p style=\"text-align: justify;\"><a href=\"http:\/\/granadacostanacional.es\/wp-content\/uploads\/2017\/03\/IMG_1380.jpg\"><img decoding=\"async\" loading=\"lazy\" class=\"alignnone wp-image-11004\" src=\"http:\/\/granadacostanacional.es\/wp-content\/uploads\/2017\/03\/IMG_1380-300x142.jpg\" alt=\"IMG_1380\" width=\"465\" height=\"220\" \/><\/a><\/p>\n<p style=\"text-align: justify;\"><a href=\"http:\/\/granadacostanacional.es\/wp-content\/uploads\/2017\/03\/IMG_1524.jpg\"><img decoding=\"async\" loading=\"lazy\" class=\"alignnone wp-image-11005\" src=\"http:\/\/granadacostanacional.es\/wp-content\/uploads\/2017\/03\/IMG_1524-300x135.jpg\" alt=\"IMG_1524\" width=\"462\" height=\"208\" \/><\/a><\/p>\n<p style=\"text-align: justify;\">\u00a0\u00a0\u00a0\u00a0\u00a0\u00a0\u00a0\u00a0\u00a0\u00a0\u00a0 \u00bfY por qu\u00e9 resalto estas cosas? Porque tiene m\u00e1s importancia de lo que a primera vista podr\u00eda parecer, pues ya en el siglo pasado el ensayista ingl\u00e9s, Jhon Ruskin, afirm\u00f3 que algunas de las obras m\u00e1s importantes del g\u00e9nero humano han sido consecuencia directa del amor a la alabanza, y este amor deber\u00eda infundirse\u00a0 desde la ni\u00f1ez; pero ocurre con demasiada frecuencia que s\u00f3lo se se\u00f1alan los errores y defectos olvidando el elogio\u00a0 cuando es merecido. No olvidemos que en una palabra de elogio hay delicadeza\u00a0 y magia y nadie est\u00e1 tan ocupado ni ha triunfado hasta el extremo de no estar dispuesto a o\u00edr una palabra de elogio.<\/p>\n<p style=\"text-align: justify;\"><strong><u>A\u00a0 MODO\u00a0 DE\u00a0\u00a0 CONCLUSI\u00d3N<\/u><\/strong><\/p>\n<p style=\"text-align: justify;\"><a href=\"http:\/\/granadacostanacional.es\/wp-content\/uploads\/2017\/03\/IMG_1931.jpg\"><img decoding=\"async\" loading=\"lazy\" class=\"alignnone wp-image-10991\" src=\"http:\/\/granadacostanacional.es\/wp-content\/uploads\/2017\/03\/IMG_1931-300x99.jpg\" alt=\"IMG_1931\" width=\"855\" height=\"282\" \/><\/a><\/p>\n<p style=\"text-align: justify;\">\u00a0\u00a0\u00a0\u00a0\u00a0\u00a0\u00a0\u00a0\u00a0\u00a0\u00a0 En Granada Costa nuestro lema es \u201ctrabajar y no desesperar\u201d.\u00a0 Por tanto somos conscientes de que pertenecemos al mundo del trabajo, no al de la perfecci\u00f3n aunque aspiremos a ella. En nuestro proyecto cultural no podemos abstenernos en la marcha de la actividad cultural, en un grado de independencia, humilde pero viva.<\/p>\n<p style=\"text-align: justify;\">\u00a0\u00a0\u00a0\u00a0\u00a0\u00a0\u00a0\u00a0\u00a0\u00a0\u00a0 Seg\u00fan la Academia Francesa la palabra esencial de la cultura contempor\u00e1nea\u00a0 es la palabra \u201ccreatividad\u201d. Pues bien, Granada Costa pone todos los medios al alcance de sus miembros para que la creatividad sea posible desarroll\u00e1ndose a trav\u00e9s de la pintura, escultura, m\u00fasica, poes\u00eda\u2026 o sea, por el camino del arte, promoviendo una serie continua de actos creadores.<\/p>\n<p style=\"text-align: justify;\">\u00a0\u00a0\u00a0\u00a0\u00a0\u00a0\u00a0\u00a0\u00a0\u00a0\u00a0 El catedr\u00e1tico de Filosof\u00eda\u00a0 L\u00f3pez Quint\u00e1s apunt\u00f3 la importancia del arte en la formaci\u00f3n del hombre \u201cen cuanto nos insta al esfuerzo creador, el arte confiere a nuestro esp\u00edritu alegr\u00eda y entusiasmo, amparo y temple festivo, luminosidad y \u00a0paz\u201d.<\/p>\n<p style=\"text-align: justify;\">\u00a0\u00a0\u00a0\u00a0\u00a0\u00a0\u00a0\u00a0\u00a0\u00a0\u00a0 Dicho todo esto a\u00fan queda un factor importante que suele pasar desapercibido y es el c\u00f3mo llega Granada Costa a organizar y llevar a cabo todos sus actos que corresponder\u00edan a grandes empresas. La palabra clave es : coraje o, dicho de otro modo, la alegr\u00eda del riesgo. Es imposible vivir una vida creadora, cualquiera que sea, sin correr riesgos. Ning\u00fan cobarde ha creado nunca nada.<\/p>\n<p style=\"text-align: justify;\"><a href=\"http:\/\/granadacostanacional.es\/wp-content\/uploads\/2017\/03\/IMG_1029.jpg\"><img decoding=\"async\" loading=\"lazy\" class=\"alignnone wp-image-11006\" src=\"http:\/\/granadacostanacional.es\/wp-content\/uploads\/2017\/03\/IMG_1029-300x184.jpg\" alt=\"IMG_1029\" width=\"496\" height=\"304\" \/><\/a><\/p>\n<p style=\"text-align: justify;\"><a href=\"http:\/\/granadacostanacional.es\/wp-content\/uploads\/2017\/03\/IMG_0999.jpg\"><img decoding=\"async\" loading=\"lazy\" class=\"alignnone wp-image-11007\" src=\"http:\/\/granadacostanacional.es\/wp-content\/uploads\/2017\/03\/IMG_0999-300x176.jpg\" alt=\"IMG_0999\" width=\"493\" height=\"289\" \/><\/a><\/p>\n<p style=\"text-align: justify;\"><a href=\"http:\/\/granadacostanacional.es\/wp-content\/uploads\/2017\/03\/IMG_0984.jpg\"><img decoding=\"async\" loading=\"lazy\" class=\"alignnone wp-image-11008\" src=\"http:\/\/granadacostanacional.es\/wp-content\/uploads\/2017\/03\/IMG_0984-300x266.jpg\" alt=\"IMG_0984\" width=\"459\" height=\"407\" \/><\/a><\/p>\n<p style=\"text-align: right;\">\u00a0\u00a0\u00a0\u00a0\u00a0\u00a0\u00a0\u00a0\u00a0\u00a0\u00a0\u00a0\u00a0\u00a0\u00a0\u00a0\u00a0\u00a0\u00a0\u00a0\u00a0<em><strong>\u00a0\u00a0 ROGELIO BUSTOS ALMENDROS<\/strong><\/em><\/p>\n","protected":false},"excerpt":{"rendered":"<p>Lugar de encuentro, experiencia art\u00edstica y humana, amistad, solidaridad, cultura, poes\u00eda\u2026 \u201cEl que no sepa rezar,\/ que vaya por esos&hellip;<\/p>\n","protected":false},"author":2,"featured_media":10990,"comment_status":"open","ping_status":"open","sticky":false,"template":"","format":"standard","meta":{"om_disable_all_campaigns":false,"_mi_skip_tracking":false,"_monsterinsights_sitenote_active":false,"_monsterinsights_sitenote_note":"","_monsterinsights_sitenote_category":0,"footnotes":""},"categories":[21,22],"tags":[],"aioseo_notices":[],"_links":{"self":[{"href":"https:\/\/granadacostaglobal.es\/index.php?rest_route=\/wp\/v2\/posts\/10989"}],"collection":[{"href":"https:\/\/granadacostaglobal.es\/index.php?rest_route=\/wp\/v2\/posts"}],"about":[{"href":"https:\/\/granadacostaglobal.es\/index.php?rest_route=\/wp\/v2\/types\/post"}],"author":[{"embeddable":true,"href":"https:\/\/granadacostaglobal.es\/index.php?rest_route=\/wp\/v2\/users\/2"}],"replies":[{"embeddable":true,"href":"https:\/\/granadacostaglobal.es\/index.php?rest_route=%2Fwp%2Fv2%2Fcomments&post=10989"}],"version-history":[{"count":0,"href":"https:\/\/granadacostaglobal.es\/index.php?rest_route=\/wp\/v2\/posts\/10989\/revisions"}],"wp:featuredmedia":[{"embeddable":true,"href":"https:\/\/granadacostaglobal.es\/index.php?rest_route=\/"}],"wp:attachment":[{"href":"https:\/\/granadacostaglobal.es\/index.php?rest_route=%2Fwp%2Fv2%2Fmedia&parent=10989"}],"wp:term":[{"taxonomy":"category","embeddable":true,"href":"https:\/\/granadacostaglobal.es\/index.php?rest_route=%2Fwp%2Fv2%2Fcategories&post=10989"},{"taxonomy":"post_tag","embeddable":true,"href":"https:\/\/granadacostaglobal.es\/index.php?rest_route=%2Fwp%2Fv2%2Ftags&post=10989"}],"curies":[{"name":"wp","href":"https:\/\/api.w.org\/{rel}","templated":true}]}}