{"id":10892,"date":"2017-03-22T15:31:45","date_gmt":"2017-03-22T15:31:45","guid":{"rendered":"http:\/\/granadacostanacional.es\/?p=10892"},"modified":"2017-03-22T15:31:45","modified_gmt":"2017-03-22T15:31:45","slug":"andalucia-cuenta-desde-hoy-con-un-estudio-y-guia-de-destinos-turisticos-accesibles","status":"publish","type":"post","link":"https:\/\/granadacostaglobal.es\/?p=10892","title":{"rendered":"Andaluc\u00eda cuenta desde hoy con un \u201cEstudio y Gu\u00eda de Destinos Tur\u00edsticos Accesibles\u201d"},"content":{"rendered":"<h4>El consejero destaca el compromiso de la Junta en la atenci\u00f3n a las personas con discapacidad y su impulso en el sector tur\u00edstico para mejorar la oferta<\/h4>\n<p style=\"text-align: justify;\">El consejero de Turismo y Deporte, Francisco Javier Fern\u00e1ndez, present\u00f3 hoy en Sevilla el \u201cEstudio y Gu\u00eda de Destinos Tur\u00edsticos Accesibles\u201d de Andaluc\u00eda, elaborado en colaboraci\u00f3n con la Fundaci\u00f3n ONCE y del que destac\u00f3 que forma parte del compromiso de la Junta con el colectivo de personas con discapacidad, y donde la accesibilidad forma parte fundamental de las pol\u00edticas de planificaci\u00f3n y promoci\u00f3n de su departamento como estrategia para conseguir la igualdad de condiciones en el acceso a unos servicios tur\u00edsticos de mayor calidad.<\/p>\n<p style=\"text-align: justify;\">As\u00ed, record\u00f3 que el impulso de la accesibilidad universal se encuentra recogido expresamente tanto en la Ley del Turismo de Andaluc\u00eda, como en la recientemente aprobada Ley del Deporte. Adem\u00e1s, se recoge en el Plan de Calidad Tur\u00edstica de Andaluc\u00eda 2014-2020, que contempla la accesibilidad como elemento fundamental para alcanzar la excelencia tur\u00edstica, \u201cconstruyendo una marca que englobe todos los aspectos que revierten en una mejora de la percepci\u00f3n del destino\u201d.<\/p>\n<p style=\"text-align: justify;\">En opini\u00f3n del responsable de Turismo y Deporte de la Junta, \u201cla accesibilidad no es solo un s\u00edmbolo de igualdad, sino tambi\u00e9n de calidad, y esa es la apuesta que tenemos que hacer desde Andaluc\u00eda, dotando tambi\u00e9n a los propios ayuntamientos, hoteles, e infraestructuras de una herramienta que les permita no solo ver qu\u00e9 nivel de accesibilidad tienen, sino tener el asesoramiento que necesitan para hacer la accesibilidad universal\u201d.<\/p>\n<p style=\"text-align: justify;\">En ese sentido, destac\u00f3 la colaboraci\u00f3n directa, tanto con ONCE como con el CERMI, \u201clos colectivos que son los que nos pueden marcar la ruta\u201d. E insisti\u00f3 en la necesaria colaboraci\u00f3n entre la sociedad civil y las empresas con el apoyo de las administraciones, al tiempo que agradeci\u00f3 \u201cel compromiso que est\u00e1n teniendo los ayuntamientos, los hoteles, etc., por hacer Andaluc\u00eda un destino m\u00e1s accesible\u201d.<\/p>\n<p style=\"text-align: justify;\">El \u201cEstudio y Gu\u00eda de Destinos Tur\u00edsticos Accesibles es una herramienta que la Consejer\u00eda pone al servicio del sector en formato de aplicaci\u00f3n (app para IOS y Android) con su correspondiente Mapa de Destinos Tur\u00edsticos Accesibles y un sitio web, con una doble vertiente: por una parte aportando utilidad a los viajeros con alguna discapacidad que podr\u00e1n encontrar en ella informaci\u00f3n sobre los destinos y recursos tur\u00edsticos accesibles de la regi\u00f3n, y por otra, como una herramienta para empresas e instituciones que gratuitamente podr\u00e1n evaluar el grado de accesibilidad de sus recursos y saber as\u00ed c\u00f3mo mejorarla.<\/p>\n<p style=\"text-align: justify;\"><a href=\"http:\/\/granadacostanacional.es\/wp-content\/uploads\/2017\/03\/IMG_9367.jpg\"><img decoding=\"async\" loading=\"lazy\" class=\"wp-image-10894 alignnone\" src=\"http:\/\/granadacostanacional.es\/wp-content\/uploads\/2017\/03\/IMG_9367-300x225.jpg\" alt=\"IMG_9367\" width=\"563\" height=\"422\" \/><\/a><\/p>\n<p style=\"text-align: center;\"><strong>Servicio de calificaci\u00f3n de \u201crecurso tur\u00edstico accesible\u201d<\/strong><\/p>\n<p style=\"text-align: justify;\">El consejero explic\u00f3 que el objetivo del proyecto es definir un modelo de destino tur\u00edstico accesible en Andaluc\u00eda, analizando para ello la situaci\u00f3n de partida de los principales destinos en este \u00e1mbito, adem\u00e1s de proporcionarles las herramientas y metodolog\u00eda necesarias para procurar su transformaci\u00f3n en Destinos Accesibles.<\/p>\n<p style=\"text-align: justify;\">Para ello se ha elaborado una gu\u00eda de pautas y recomendaciones, as\u00ed como una autoevaluaci\u00f3n on-line que permite realizar un diagn\u00f3stico preliminar y que se pone a disposici\u00f3n del sector profesional y del p\u00fablico en general, que podr\u00e1 realizar b\u00fasquedas selectivas por provincias, tipo de establecimiento, valoraci\u00f3n del mismo, etc.<\/p>\n<p style=\"text-align: justify;\">Esta herramienta recoge inicialmente 24 destinos y 144 recursos o empresas evaluadas por su grado de accesibilidad, que en la gu\u00eda cuentan con una descripci\u00f3n, fotograf\u00edas, datos de contacto y valoraci\u00f3n de los indicadores utilizados agrupados por categor\u00edas: Acceso al recurso, movilidad en el interior, aseos de uso p\u00fablico, informaci\u00f3n y espacios\/servicios espec\u00edficos del recurso. \u201cSe trata de una herramienta viva que se nutrir\u00e1 de las aportaciones de m\u00e1s destinos y recursos, porque es un instrumento que hacemos entre todos\u201d, manifest\u00f3 el consejero.<\/p>\n<p style=\"text-align: justify;\">En este sentido, Francisco Javier Fern\u00e1ndez insisti\u00f3 en que la herramienta presentada hoy \u201cno se quedar\u00e1 s\u00f3lo en el papel o en el p\u00edxel\u201d sino que contar\u00e1 con un servicio de calificaci\u00f3n de \u201crecurso tur\u00edstico accesible\u201d por el que la Consejer\u00eda reconocer\u00e1 a todas aquellas empresas e instituciones que acrediten el cumplimiento de los est\u00e1ndares recogidos en el manual.<\/p>\n<p style=\"text-align: justify;\">\u201cDe esta forma, daremos una mayor presencia a los agentes del sector que se comprometan con esta iniciativa y que, en definitiva, sumen calidad a la oferta mejorando la accesibilidad\u201d, concluy\u00f3.<\/p>\n<p style=\"text-align: justify;\">El estudio y la gu\u00eda han sido realizados ILUNION Tecnolog\u00eda y Accesibilidad, perteneciente al grupo de empresas sociales de la ONCE y su Fundaci\u00f3n. ILUNION Tecnolog\u00eda y Accesibilidad es experta en destinos tur\u00edsticos inclusivos y trabaja, entre otras cosas, en hacer accesible a todas las personas los elementos que componen la cadena de turismo, especialmente a la gente con discapacidad, dise\u00f1ando los destinos tur\u00edsticos de acuerdo a sus necesidades reales y teniendo en cuenta la diversidad de las tecnolog\u00edas, de los entornos y de todos los usuarios.<\/p>\n","protected":false},"excerpt":{"rendered":"<p>El consejero destaca el compromiso de la Junta en la atenci\u00f3n a las personas con discapacidad y su impulso en&hellip;<\/p>\n","protected":false},"author":2,"featured_media":10893,"comment_status":"open","ping_status":"open","sticky":false,"template":"","format":"standard","meta":{"om_disable_all_campaigns":false,"_mi_skip_tracking":false,"_monsterinsights_sitenote_active":false,"_monsterinsights_sitenote_note":"","_monsterinsights_sitenote_category":0,"footnotes":""},"categories":[22],"tags":[],"aioseo_notices":[],"_links":{"self":[{"href":"https:\/\/granadacostaglobal.es\/index.php?rest_route=\/wp\/v2\/posts\/10892"}],"collection":[{"href":"https:\/\/granadacostaglobal.es\/index.php?rest_route=\/wp\/v2\/posts"}],"about":[{"href":"https:\/\/granadacostaglobal.es\/index.php?rest_route=\/wp\/v2\/types\/post"}],"author":[{"embeddable":true,"href":"https:\/\/granadacostaglobal.es\/index.php?rest_route=\/wp\/v2\/users\/2"}],"replies":[{"embeddable":true,"href":"https:\/\/granadacostaglobal.es\/index.php?rest_route=%2Fwp%2Fv2%2Fcomments&post=10892"}],"version-history":[{"count":0,"href":"https:\/\/granadacostaglobal.es\/index.php?rest_route=\/wp\/v2\/posts\/10892\/revisions"}],"wp:featuredmedia":[{"embeddable":true,"href":"https:\/\/granadacostaglobal.es\/index.php?rest_route=\/"}],"wp:attachment":[{"href":"https:\/\/granadacostaglobal.es\/index.php?rest_route=%2Fwp%2Fv2%2Fmedia&parent=10892"}],"wp:term":[{"taxonomy":"category","embeddable":true,"href":"https:\/\/granadacostaglobal.es\/index.php?rest_route=%2Fwp%2Fv2%2Fcategories&post=10892"},{"taxonomy":"post_tag","embeddable":true,"href":"https:\/\/granadacostaglobal.es\/index.php?rest_route=%2Fwp%2Fv2%2Ftags&post=10892"}],"curies":[{"name":"wp","href":"https:\/\/api.w.org\/{rel}","templated":true}]}}