{"id":1084,"date":"2015-04-29T11:57:00","date_gmt":"2015-04-29T11:57:00","guid":{"rendered":"http:\/\/granadacosta.es\/?p=1084"},"modified":"2015-04-29T11:57:00","modified_gmt":"2015-04-29T11:57:00","slug":"los-empresarios-granadinos-tienen-nuevos-incentivos-de-la-junta-para-primar-el-empleo-la-innovacion-y-el-retorno-del-talento","status":"publish","type":"post","link":"https:\/\/granadacostaglobal.es\/?p=1084","title":{"rendered":"Los empresarios granadinos tienen nuevos incentivos de la Junta para primar el empleo, la innovaci\u00f3n y el retorno del talento"},"content":{"rendered":"<p style=\"text-align: justify;\">Sandra Garc\u00eda inaugura una jornada organizada por el Parque Tecnol\u00f3gico de la Salud para dar a conocer la nueva orden de la Agencia IDEA<\/p>\n<p style=\"text-align: justify;\">\n<p style=\"text-align: justify;\">Los empresarios granadinos cuentan con un nuevo instrumento p\u00fablico de apoyo a la inversi\u00f3n a trav\u00e9s de la nueva Orden de Incentivos al Desarrollo Industrial y la Creaci\u00f3n de Empleo que la Agencia de Innovaci\u00f3n y Desarrollo de Andaluc\u00eda IDEA, adscrita a la Consejer\u00eda de Econom\u00eda, Innovaci\u00f3n, Ciencia y Empleo, ha puesto en marcha recientemente y que destinar\u00e1 112 millones de euros al apoyo de los proyectos empresariales de pymes y micropymes, destacando entre sus objetivos la creaci\u00f3n de empleo y el retorno del talento, adem\u00e1s de la innovaci\u00f3n empresarial.<\/p>\n<p style=\"text-align: justify;\">\u00a0\u00a0\u00a0\u00a0\u00a0\u00a0\u00a0\u00a0\u00a0\u00a0\u00a0 El nuevo instrumento ha sido presentado hoy a los empresarios y sindicatos granadinos junto con el resto l\u00edneas de apoyo a la inversi\u00f3n empresarial gestionados por la Agencia IDEA en consonancia con la, tambi\u00e9n recientemente aprobada, Estrategia de Innovaci\u00f3n de Andaluc\u00eda 2020, en una jornada organizada por el Parque Tecnol\u00f3gico de la Salud que ha inaugurado la delegada del Gobierno, Sandra Garc\u00eda.<\/p>\n<p style=\"text-align: justify;\">\u00a0\u00a0\u00a0\u00a0\u00a0\u00a0\u00a0\u00a0\u00a0\u00a0\u00a0 Seg\u00fan la delegada, \u201cel objetivo de estos incentivos es mejorar la competitividad de las empresas en los sectores estrat\u00e9gicos y en Granada son la biotecnolog\u00eda, el turismo, el comercio y las TIC\u201d.<\/p>\n<p style=\"text-align: justify;\">\u00a0\u00a0\u00a0\u00a0\u00a0\u00a0\u00a0\u00a0\u00a0\u00a0\u00a0 La nueva Orden tiene como destinatarios a las pymes y aut\u00f3nomos del sector industrial y servicios a la industria (o para otros sectores siempre y cuando se trate de proyectos altamente generadores de empleo) con sede en Andaluc\u00eda o que vayan a desarrollar su proyecto en la Comunidad Aut\u00f3noma.<\/p>\n<p style=\"text-align: justify;\">\u00a0<a href=\"http:\/\/granadacosta.es\/wp-content\/uploads\/2015\/04\/JMG_9291-jornadas-idea.jpg\"><img decoding=\"async\" loading=\"lazy\" class=\" size-large wp-image-1086 aligncenter\" src=\"http:\/\/granadacosta.es\/wp-content\/uploads\/2015\/04\/JMG_9291-jornadas-idea-1024x684.jpg\" alt=\"JMG_9291- jornadas idea\" width=\"1024\" height=\"684\" \/><\/a><\/p>\n<p style=\"text-align: justify;\">\n<p style=\"text-align: justify;\">\u00a0\u00a0\u00a0\u00a0\u00a0\u00a0\u00a0\u00a0\u00a0\u00a0\u00a0 Entre sus principales novedades destacan la financiaci\u00f3n adicional para el retorno del talento andaluz; ayudas para aut\u00f3nomos que generen empleos adicionales al suyo, y prioridad para iniciativas promovidas por j\u00f3venes, mujeres y empresas de econom\u00eda social o localizadas en espacios de innovaci\u00f3n.<\/p>\n<p style=\"text-align: justify;\">\u00a0\u00a0\u00a0\u00a0\u00a0\u00a0\u00a0\u00a0\u00a0\u00a0\u00a0 A trav\u00e9s de tres tipos de instrumentos (incentivos directos, bonificaciones de tipos de inter\u00e9s y pr\u00e9stamos a bajo inter\u00e9s) se concede un incentivo base en funci\u00f3n del tipo de proyecto: 15% de la base incentivable para proyectos de inversi\u00f3n industrial, de cooperaci\u00f3n empresarial, de innovaci\u00f3n vinculada a la Especializaci\u00f3n Productiva y proyectos altamente generadores de empleo; 20% para nuevas iniciativas empresariales y 25% para proyectos de emprendedores y nuevas empresas innovadoras vinculados a la Especializaci\u00f3n Productiva,<\/p>\n<p style=\"text-align: justify;\">\u00a0\u00a0\u00a0\u00a0\u00a0\u00a0\u00a0\u00a0\u00a0\u00a0\u00a0 Este porcentaje se puede incrementar en funci\u00f3n de una serie de caracter\u00edsticas adicionales, no obstante, el tope de incentivo se sit\u00faa en el 35% de la base incentivable en peque\u00f1as empresas y hasta el 25% en las medianas excepto en el caso de creaci\u00f3n de empresas, en el que el tope son 200.000 euros para emprendedores, 600.000 euros para las peque\u00f1as empresas en caso de que sean nuevas iniciativas empresariales y nuevas empresas innovadoras vinculadas la Especializaci\u00f3n Productiva.<\/p>\n<p style=\"text-align: justify;\">\n<p style=\"text-align: justify;\">\u00a0\u00a0\u00a0\u00a0\u00a0\u00a0\u00a0\u00a0\u00a0\u00a0\u00a0 Otros instrumentos IDEA<\/p>\n<p style=\"text-align: justify;\">\u00a0\u00a0\u00a0\u00a0\u00a0\u00a0\u00a0\u00a0\u00a0\u00a0\u00a0 Adem\u00e1s de esta orden, IDEA dispone de otros instrumentos financieros como los Fondos Reembolsables, cuya dotaci\u00f3n presupuestaria supera los 1.000 millones de euros. Uno de los fondos m\u00e1s recientes constituidos ha sido Jeremie Construcci\u00f3n Sostenible, cuyo intermediario financiero es Cajamar, y que tiene como objetivo dar cobertura a las empresas ligadas al sector de la construcci\u00f3n sostenible, es decir, pymes y empresas, incluidas las de econom\u00eda social, que lleven a cabo obras de adecuaci\u00f3n e instalaciones en edificios relacionadas con el ahorro, la eficiencia energ\u00e9tica y el aprovechamiento de energ\u00edas renovables. Adem\u00e1s de las empresas instaladoras, se podr\u00e1n acoger al este instrumento financiero, las empresas proveedoras de las mismas.<\/p>\n<p style=\"text-align: justify;\">\n<p style=\"text-align: justify;\">\n<p style=\"text-align: justify;\">\n<p style=\"text-align: justify;\">\u00a0\u00a0\u00a0\u00a0\u00a0\u00a0\u00a0\u00a0\u00a0\u00a0\u00a0 Igualmente, se ha presentado la l\u00ednea de financiaci\u00f3n empresarial de 500 millones de euros lanzada a finales de 2014 por BBVA con el respaldo de una l\u00ednea de avales dotada con 125 millones de euros y gestionada por IDEA que respaldar\u00e1n las operaciones formalizadas en el marco de esta iniciativa.<\/p>\n<p style=\"text-align: justify;\">\u00a0\u00a0\u00a0\u00a0\u00a0\u00a0\u00a0\u00a0\u00a0\u00a0\u00a0 Con esta l\u00ednea se apoya, en condiciones preferentes, a proyectos empresariales, preferentemente pymes con domicilio social en Andaluc\u00eda, que no est\u00e9n crisis y que pertenezcan a los sectores definidos como estrat\u00e9gicos por la Junta de Andaluc\u00eda, con especial atenci\u00f3n a emprendedores, aut\u00f3nomos, cooperativas y micropymes. Por su parte, IDEA avalar\u00e1 desde el 90% (o 25.000 euros) en el caso de los aut\u00f3nomos emprendedores hasta el 15% (o 5 millones de euros) para las empresas cuyo volumen de actividad sea superior a los 5 millones.<\/p>\n","protected":false},"excerpt":{"rendered":"<p>Sandra Garc\u00eda inaugura una jornada organizada por el Parque Tecnol\u00f3gico de la Salud para dar a conocer la nueva orden&hellip;<\/p>\n","protected":false},"author":2,"featured_media":1085,"comment_status":"open","ping_status":"open","sticky":false,"template":"","format":"standard","meta":{"om_disable_all_campaigns":false,"_mi_skip_tracking":false,"_monsterinsights_sitenote_active":false,"_monsterinsights_sitenote_note":"","_monsterinsights_sitenote_category":0,"footnotes":""},"categories":[21,22],"tags":[],"aioseo_notices":[],"_links":{"self":[{"href":"https:\/\/granadacostaglobal.es\/index.php?rest_route=\/wp\/v2\/posts\/1084"}],"collection":[{"href":"https:\/\/granadacostaglobal.es\/index.php?rest_route=\/wp\/v2\/posts"}],"about":[{"href":"https:\/\/granadacostaglobal.es\/index.php?rest_route=\/wp\/v2\/types\/post"}],"author":[{"embeddable":true,"href":"https:\/\/granadacostaglobal.es\/index.php?rest_route=\/wp\/v2\/users\/2"}],"replies":[{"embeddable":true,"href":"https:\/\/granadacostaglobal.es\/index.php?rest_route=%2Fwp%2Fv2%2Fcomments&post=1084"}],"version-history":[{"count":0,"href":"https:\/\/granadacostaglobal.es\/index.php?rest_route=\/wp\/v2\/posts\/1084\/revisions"}],"wp:featuredmedia":[{"embeddable":true,"href":"https:\/\/granadacostaglobal.es\/index.php?rest_route=\/"}],"wp:attachment":[{"href":"https:\/\/granadacostaglobal.es\/index.php?rest_route=%2Fwp%2Fv2%2Fmedia&parent=1084"}],"wp:term":[{"taxonomy":"category","embeddable":true,"href":"https:\/\/granadacostaglobal.es\/index.php?rest_route=%2Fwp%2Fv2%2Fcategories&post=1084"},{"taxonomy":"post_tag","embeddable":true,"href":"https:\/\/granadacostaglobal.es\/index.php?rest_route=%2Fwp%2Fv2%2Ftags&post=1084"}],"curies":[{"name":"wp","href":"https:\/\/api.w.org\/{rel}","templated":true}]}}