{"id":1081,"date":"2015-04-29T11:55:13","date_gmt":"2015-04-29T11:55:13","guid":{"rendered":"http:\/\/granadacosta.es\/?p=1081"},"modified":"2015-04-29T11:55:13","modified_gmt":"2015-04-29T11:55:13","slug":"san-juan-de-dios-entrega-la-granada-de-oro-al-colegio-de-enfermeria-de-sevilla","status":"publish","type":"post","link":"https:\/\/granadacostaglobal.es\/?p=1081","title":{"rendered":"San Juan de Dios entrega la Granada de Oro al Colegio de Enfermer\u00eda de Sevilla"},"content":{"rendered":"<p style=\"text-align: justify;\"><strong>La Orden Hospitalaria ha querido reconocer los 150 a\u00f1os que la instituci\u00f3n lleva trabajando por los profesionales y por los enfermos<\/strong><\/p>\n<p style=\"text-align: justify;\"><strong>\u00a0<\/strong><\/p>\n<p style=\"text-align: justify;\">La Orden Hospitalaria de San Juan de Dios ha concedido la Granada de Oro al Colegio Oficial de Enfermer\u00eda de Sevilla por sus 150 a\u00f1os de presencia y labor en la capital andaluza.<\/p>\n<p style=\"text-align: justify;\">\n<p style=\"text-align: justify;\">El superior General de la Orden, Jes\u00fas Etayo, y el superior de la provincia B\u00e9tica, Jos\u00e9 Antonio Soria, hicieron entrega de la distinci\u00f3n al presidente del Colegio, Jos\u00e9 Mar\u00eda Rueda, en un acto celebrado en el Camar\u00edn de la Bas\u00edlica de San Juan de Dios en Granada, el lugar en el que reposan los restos del santo.<\/p>\n<p style=\"text-align: justify;\">\n<p style=\"text-align: justify;\">Jos\u00e9 Antonio Soria quiso destacar que el reconocimento al Colegio de Enfermer\u00eda de Sevilla no solo ven\u00eda motivado por el aniversario, sino tambi\u00e9n porque esta instituci\u00f3n \u201cadem\u00e1s de la formaci\u00f3n t\u00e9cnica, transmite a los profesionales la necesidad de desarrollar la labor enfermera a trav\u00e9s de la humanizaci\u00f3n, del cari\u00f1o, la cercan\u00eda, de valores al fin y al cabo\u201d.<\/p>\n<p style=\"text-align: justify;\">\n<p style=\"text-align: justify;\">El superior Provincial explic\u00f3 que hab\u00edan querido realizar el acto de entrega en el Camar\u00edn de la Bas\u00edlica de Granada puesto que el patr\u00f3n de la enfermer\u00eda es San Juan de Dios, y es all\u00ed donde descansan sus restos mortales: \u201cEs un marco muy significativo para nosotros y para vosotros, que os identific\u00e1is con su figura\u201d, apunt\u00f3.<\/p>\n<p style=\"text-align: justify;\">\n<p style=\"text-align: justify;\">El presidente del Colegio de Enfermer\u00eda mostr\u00f3 su satisfacci\u00f3n y manifest\u00f3 que \u201cvamos a seguir participando de los valores que San Juan de Dios nos leg\u00f3 en todos los \u00e1mbitos que podamos abarcar\u201d.<\/p>\n<p style=\"text-align: justify;\">\n<p style=\"text-align: justify;\">Jos\u00e9 Mar\u00eda Rueda firm\u00f3 el libro de visitas de la Bas\u00edlica junto con el superior General de la Orden y distintos miembros de las dos instituciones, que terminaron la jornada con una visita a las distintas estancias de la Bas\u00edlica granadina.<\/p>\n","protected":false},"excerpt":{"rendered":"<p>La Orden Hospitalaria ha querido reconocer los 150 a\u00f1os que la instituci\u00f3n lleva trabajando por los profesionales y por los&hellip;<\/p>\n","protected":false},"author":2,"featured_media":1082,"comment_status":"open","ping_status":"open","sticky":false,"template":"","format":"standard","meta":{"om_disable_all_campaigns":false,"_mi_skip_tracking":false,"_monsterinsights_sitenote_active":false,"_monsterinsights_sitenote_note":"","_monsterinsights_sitenote_category":0,"footnotes":""},"categories":[21,22],"tags":[],"aioseo_notices":[],"_links":{"self":[{"href":"https:\/\/granadacostaglobal.es\/index.php?rest_route=\/wp\/v2\/posts\/1081"}],"collection":[{"href":"https:\/\/granadacostaglobal.es\/index.php?rest_route=\/wp\/v2\/posts"}],"about":[{"href":"https:\/\/granadacostaglobal.es\/index.php?rest_route=\/wp\/v2\/types\/post"}],"author":[{"embeddable":true,"href":"https:\/\/granadacostaglobal.es\/index.php?rest_route=\/wp\/v2\/users\/2"}],"replies":[{"embeddable":true,"href":"https:\/\/granadacostaglobal.es\/index.php?rest_route=%2Fwp%2Fv2%2Fcomments&post=1081"}],"version-history":[{"count":0,"href":"https:\/\/granadacostaglobal.es\/index.php?rest_route=\/wp\/v2\/posts\/1081\/revisions"}],"wp:featuredmedia":[{"embeddable":true,"href":"https:\/\/granadacostaglobal.es\/index.php?rest_route=\/"}],"wp:attachment":[{"href":"https:\/\/granadacostaglobal.es\/index.php?rest_route=%2Fwp%2Fv2%2Fmedia&parent=1081"}],"wp:term":[{"taxonomy":"category","embeddable":true,"href":"https:\/\/granadacostaglobal.es\/index.php?rest_route=%2Fwp%2Fv2%2Fcategories&post=1081"},{"taxonomy":"post_tag","embeddable":true,"href":"https:\/\/granadacostaglobal.es\/index.php?rest_route=%2Fwp%2Fv2%2Ftags&post=1081"}],"curies":[{"name":"wp","href":"https:\/\/api.w.org\/{rel}","templated":true}]}}