{"id":1078,"date":"2015-04-29T11:53:42","date_gmt":"2015-04-29T11:53:42","guid":{"rendered":"http:\/\/granadacosta.es\/?p=1078"},"modified":"2015-04-29T11:53:42","modified_gmt":"2015-04-29T11:53:42","slug":"el-proyecto-comesano-prosigue-con-su-actividad-en-el-colegio-reina-fabiola","status":"publish","type":"post","link":"https:\/\/granadacostaglobal.es\/?p=1078","title":{"rendered":"El proyecto ComeSano prosigue con su actividad en el Colegio Reina Fabiola"},"content":{"rendered":"<p><strong>El centro recibir\u00e1 nuevamente la visita de la nutricionista de la UGR y la coordinadora del V Premio Fulgencio Spa de Deporte Base para continuar con dos jornadas m\u00e1s en esta tercera edici\u00f3n del ComeSano. <\/strong><\/p>\n<p><strong>\u00a0<\/strong><\/p>\n<p>La tercera edici\u00f3n del proyecto ComeSano, integrado en el V Premio Fulgencio Spa de Deporte Base, continua con su actividad, siendo en este caso el centro visitado el colegio Reina Fabiola, donde se volver\u00e1 en dos jornadas m\u00e1s para poder llegar a todo el alumnado.<\/p>\n<p>&nbsp;<\/p>\n<p>Paula Spa, coordinadora del V Premio Fulgencio Spa de Deporte Base, mostr\u00f3 su satisfacci\u00f3n por c\u00f3mo se est\u00e1 desarrollando esta actividad en la actual edici\u00f3n: \u201cen los a\u00f1os previos hemos querido llegar a todos los centros, quer\u00edamos que se conociera bien el proyecto, pero una vez asentados, en esta edici\u00f3n hemos querido anteponer la calidad a la cantidad\u201d, especific\u00f3, ya que ahora los grupos son m\u00e1s reducidos, a la vez que la atenci\u00f3n m\u00e1s personalizada.<\/p>\n<p>&nbsp;<\/p>\n<p>Estas premisas eran parte de las novedades de esta tercera edici\u00f3n, a lo que se a\u00f1ade el Concurso de los \u2018Comesanitos\u2019, y es que con el estreno de la nueva imagen corporativa, desde Fulgencio Spa se ha querido poner en marcha un concurso para que sean los ni\u00f1os y ni\u00f1as que participan en el ComeSano los que elijan el nombre de las mascotas, de color amarillo, azul y verde que protagonizan este nuevo logotipo. En este sentido, Paula Spa ha indicado que habr\u00e1 premio individual para el ganador y tambi\u00e9n para el centro educativo donde ejerce sus estudios.<\/p>\n<p>&nbsp;<\/p>\n<p>Hay que recordar que la organizaci\u00f3n de las jornadas incluye una charla-coloquio con las familias para continuar con las actividades con el alumnado, repartido por grupos de edad. La nutricionista de la Universidad de Granada, Lidia Ojeda, dirige a cada grupo con actividades especialmente dise\u00f1adas para su edad en las que se van alternando la toma de conocimientos sobre nutrici\u00f3n con una charla previa, que se acompa\u00f1a de una animaci\u00f3n para hacerla m\u00e1s amena, hasta juegos tipo concurso donde los participantes demuestran su grado de conocimiento de la informaci\u00f3n nutricional.<\/p>\n<p>&nbsp;<\/p>\n<p>Se les dota de material educativo especialmente dise\u00f1ado para el programa ComeSano, adem\u00e1s de obsequiarles con una muestra de productos aut\u00f3ctonos (tomate cherry en diferentes variedades y pepino snack), de modo que puedan probar los cultivos de su entorno m\u00e1s cercano.<\/p>\n<p>&nbsp;<\/p>\n<p>Se comenz\u00f3 en la Escuela de Educaci\u00f3n Infantil R\u00edo Ebro, ahora se est\u00e1 realizando la actividad en el colegio Reina Fabiola y se tiene previsto hacer paradas en el colegio P\u00edo XII de Torrenueva y en el Virgen de la Cabeza de Motril, estando previstas varias jornadas en cada uno de los centros.<\/p>\n","protected":false},"excerpt":{"rendered":"<p>El centro recibir\u00e1 nuevamente la visita de la nutricionista de la UGR y la coordinadora del V Premio Fulgencio Spa&hellip;<\/p>\n","protected":false},"author":2,"featured_media":1079,"comment_status":"open","ping_status":"open","sticky":false,"template":"","format":"standard","meta":{"om_disable_all_campaigns":false,"_mi_skip_tracking":false,"_monsterinsights_sitenote_active":false,"_monsterinsights_sitenote_note":"","_monsterinsights_sitenote_category":0,"footnotes":""},"categories":[21,22],"tags":[],"aioseo_notices":[],"_links":{"self":[{"href":"https:\/\/granadacostaglobal.es\/index.php?rest_route=\/wp\/v2\/posts\/1078"}],"collection":[{"href":"https:\/\/granadacostaglobal.es\/index.php?rest_route=\/wp\/v2\/posts"}],"about":[{"href":"https:\/\/granadacostaglobal.es\/index.php?rest_route=\/wp\/v2\/types\/post"}],"author":[{"embeddable":true,"href":"https:\/\/granadacostaglobal.es\/index.php?rest_route=\/wp\/v2\/users\/2"}],"replies":[{"embeddable":true,"href":"https:\/\/granadacostaglobal.es\/index.php?rest_route=%2Fwp%2Fv2%2Fcomments&post=1078"}],"version-history":[{"count":0,"href":"https:\/\/granadacostaglobal.es\/index.php?rest_route=\/wp\/v2\/posts\/1078\/revisions"}],"wp:featuredmedia":[{"embeddable":true,"href":"https:\/\/granadacostaglobal.es\/index.php?rest_route=\/"}],"wp:attachment":[{"href":"https:\/\/granadacostaglobal.es\/index.php?rest_route=%2Fwp%2Fv2%2Fmedia&parent=1078"}],"wp:term":[{"taxonomy":"category","embeddable":true,"href":"https:\/\/granadacostaglobal.es\/index.php?rest_route=%2Fwp%2Fv2%2Fcategories&post=1078"},{"taxonomy":"post_tag","embeddable":true,"href":"https:\/\/granadacostaglobal.es\/index.php?rest_route=%2Fwp%2Fv2%2Ftags&post=1078"}],"curies":[{"name":"wp","href":"https:\/\/api.w.org\/{rel}","templated":true}]}}