{"id":10723,"date":"2017-03-13T17:58:32","date_gmt":"2017-03-13T17:58:32","guid":{"rendered":"http:\/\/granadacostanacional.es\/?p=10723"},"modified":"2017-03-13T17:58:32","modified_gmt":"2017-03-13T17:58:32","slug":"la-cupula-del-turoperador-thomas-cook-define-en-torremolinos-su-estrategia-de-comercializacion-de-destinos-para-la-temporada-de-verano","status":"publish","type":"post","link":"https:\/\/granadacostaglobal.es\/?p=10723","title":{"rendered":"LA C\u00daPULA DEL TUROPERADOR THOMAS COOK DEFINE EN TORREMOLINOS SU ESTRATEGIA DE COMERCIALIZACI\u00d3N DE DESTINOS PARA LA TEMPORADA DE VERANO"},"content":{"rendered":"<h4>El alcalde, Jos\u00e9 Ortiz, interviene en la Destination Management Conference 2017 que re\u00fane en el Palacio de Congresos a m\u00e1s 250 directivos de la compa\u00f1\u00eda en 50 pa\u00edses<\/h4>\n<p style=\"text-align: justify;\">La temporada alta tur\u00edstica se acerca, y turoperadores y mayoristas de viajes se apresuran a definir las estrategias de comercializaci\u00f3n de los destinos tur\u00edsticos de cara al pr\u00f3ximo verano. El grupo de empresas que forma el gigante brit\u00e1nico Thomas Cook es uno de ellos, y con este objetivo re\u00fane desde hoy y hasta ma\u00f1ana martes, 14 de marzo, en Torremolinos a toda la c\u00fapula de directivos y altos ejecutivos de la compa\u00f1\u00eda en su Destination Management Conference 2017.<\/p>\n<p style=\"text-align: justify;\">El Palacio de Congresos de Torremolinos es sede de esta convenci\u00f3n. M\u00e1s de 250 directivos de la plana mayor de Thomas Cook en los 50 pa\u00edses en que tiene presencia asisten a esta convenci\u00f3n, a la que acude el CEO y director ejecutivo mundial de esta compa\u00f1\u00eda, Peter Frankhauser, y que sit\u00faa en la localidad costasole\u00f1a el foco de an\u00e1lisis de los cambios que puede operar el mercado tur\u00edstico por factores de \u00edndole pol\u00edtico o social en distintos destinos del mundo.<\/p>\n<p style=\"text-align: justify;\">El alcalde de Torremolinos, Jos\u00e9 Ortiz, ha sido recibido por el director de Operaciones del grupo Thomas Cook, por Dean Thomas, e invitado a intervenir en este importante foro tur\u00edstico, lo que ha hecho en ingl\u00e9s. Ortiz ha destacado el nexo hist\u00f3rico \u201ccomo pioneros del turismo\u201d que une a Thomas Cook como primera agencia de viajes del mundo y Torremolinos, como primer destino tur\u00edstico de la Costa del Sol y pr\u00e1cticamente de Espa\u00f1a. \u201cTenemos ambos un com\u00fan denominador, una convicci\u00f3n y una fe en una industria: el turismo moderno\u201d.<\/p>\n<p style=\"text-align: justify;\"><strong>L\u00edder incontestable de la Costa del Sol<\/strong><\/p>\n<p style=\"text-align: justify;\">El alcalde ha aludido a los 959.739 viajeros nacionales e internacionales logrados por Torremolinos en 2016 (el 18\u201928% del total de turistas recibidos en la Costa del Sol) y los casi cinco millones de pernoctaciones hoteleras sumadas en esa temporada para referirse al incontestable \u201cliderazgo tur\u00edstico\u201d del municipio en el contexto de la Costa del Sol.<\/p>\n<p style=\"text-align: justify;\">Sin embargo, ha apostado por redoblar los esfuerzos \u201cpara poder persistir en esa posici\u00f3n de privilegio y hemos de apostar por una mejor y mayor promoci\u00f3n del destino, por poner en valor los atractivos y activos tur\u00edsticos complementarios que Torremolinos posee, m\u00e1s all\u00e1 del \u2018sol y playa\u2019, y que estamos incorporando para ofrecer al cliente un producto global, singular, de m\u00faltiples experiencias y gran capacidad de seducci\u00f3n al visitante\u201d, ha hecho \u00e9nfasis.<\/p>\n<p style=\"text-align: justify;\">Ortiz ha se\u00f1alado a la \u201cinterrelaci\u00f3n, la sinergia y cooperaci\u00f3n p\u00fablico-privada con todos los agentes tur\u00edsticos\u201d como el elemento que asegura la evoluci\u00f3n de Torremolinos hacia un \u201cproducto en la vanguardia tur\u00edstica\u201d. En este sentido, ha se\u00f1alado a los m\u00e1s de 100 millones de inversiones en apenas dos a\u00f1os que est\u00e1 acometiendo el sector hotelero local, \u201cuno de los mayores procesos de reconversi\u00f3n y modernizaci\u00f3n que registra la planta hotelera de la costa del sol en d\u00e9cadas\u201d, y que significa la renovaci\u00f3n de pr\u00e1cticamente el 20 por ciento las 21.000 las plazas de la planta hotelera.<\/p>\n<p style=\"text-align: justify;\"><strong>Innovaci\u00f3n del destino<\/strong><\/p>\n<p style=\"text-align: justify;\">El mandatario ha ampliado la innovaci\u00f3n en la que ha entrado el destino tur\u00edstico de Torremolinos situarse \u201ctambi\u00e9n en el terreno de las ideas, el desarrollo e incorporaci\u00f3n de iniciativas y nuevos atractivos a un visitante cada vez m\u00e1s exigente, m\u00e1s concienciado con la sostenibilidad del destino y que busca experiencias nuevas\u201d. Todo para alcanzar la meta de \u201cofrecernos como un nuevo multidestino de experiencia global en el segmento del ecoturismo, cultural, monumental, de eventos y pronto lo har\u00e1 en el shopping, todos ellos complementarios a los ya consolidados de sol y playa, deportivo, de ocio y recreativo\u201d.<\/p>\n<p style=\"text-align: justify;\">A este respecto ha se\u00f1alado a la recuperaci\u00f3n de los espacios urbanos como lugar de disfrute de ciudadanos y visitantes, caso del cierre al tr\u00e1fico de la plaza Costa del Sol, que ahora es eje de m\u00faltiples actividades culturales, musicales o art\u00edsticas, y que \u2013ha anunciado- \u201cser\u00e1 objeto de una profunda remodelaci\u00f3n para integrarse y ser tambi\u00e9n protagonista del coraz\u00f3n comercial y peatonal de torremolinos, el eje de su vida social\u201d.<\/p>\n<p style=\"text-align: justify;\">\u201cRecuperamos la esencia de una ciudad confortable, de entornos amigables, y que va a poner en valor sus m\u00faltiples valores monumentales\u201d, ha anticipado a los agentes de viajes, y que \u201cpodr\u00e1 ser\u00a0\u00a0 vivida desde el mar, en lo urbano y, como no, tambi\u00e9n desde la monta\u00f1a\u201d.<\/p>\n<p style=\"text-align: justify;\">El alcalde ha aprovechado la ocasi\u00f3n para invitar a los directivos y ejecutivos de Thomas Cook que se re\u00fanen en Torremolinos para que descubran de forma directa los atractivos del destino y formen parte de la historia pasada, presente y futura que re\u00fane la ciudad en los tur\u00edstico.<\/p>\n<p style=\"text-align: justify;\">La Destination Management Conference 2017 re\u00fane en el Palacio de Congresos a la junta ejecutiva de Thomas Cook y todos los Area Managers, Regional Managers, Team Managers, directores de grupo y directores de operaciones de esta mayorista de viajes.<\/p>\n<p style=\"text-align: justify;\">Espa\u00f1a se mantiene como el destino m\u00e1s importante y popular en la operativa de este gran turoperador con sus clientes. La compa\u00f1\u00eda prev\u00e9 repetir para este pr\u00f3ximo verano de 2017 los 4,5 millones de reservas con destino a Espa\u00f1a que alcanz\u00f3 en 2016, temporada en que registr\u00f3 una espectacular subida en m\u00e1s de 600.000 reservas.<\/p>\n","protected":false},"excerpt":{"rendered":"<p>El alcalde, Jos\u00e9 Ortiz, interviene en la Destination Management Conference 2017 que re\u00fane en el Palacio de Congresos a m\u00e1s&hellip;<\/p>\n","protected":false},"author":2,"featured_media":10724,"comment_status":"open","ping_status":"open","sticky":false,"template":"","format":"standard","meta":{"om_disable_all_campaigns":false,"_mi_skip_tracking":false,"_monsterinsights_sitenote_active":false,"_monsterinsights_sitenote_note":"","_monsterinsights_sitenote_category":0,"footnotes":""},"categories":[22],"tags":[],"aioseo_notices":[],"_links":{"self":[{"href":"https:\/\/granadacostaglobal.es\/index.php?rest_route=\/wp\/v2\/posts\/10723"}],"collection":[{"href":"https:\/\/granadacostaglobal.es\/index.php?rest_route=\/wp\/v2\/posts"}],"about":[{"href":"https:\/\/granadacostaglobal.es\/index.php?rest_route=\/wp\/v2\/types\/post"}],"author":[{"embeddable":true,"href":"https:\/\/granadacostaglobal.es\/index.php?rest_route=\/wp\/v2\/users\/2"}],"replies":[{"embeddable":true,"href":"https:\/\/granadacostaglobal.es\/index.php?rest_route=%2Fwp%2Fv2%2Fcomments&post=10723"}],"version-history":[{"count":0,"href":"https:\/\/granadacostaglobal.es\/index.php?rest_route=\/wp\/v2\/posts\/10723\/revisions"}],"wp:featuredmedia":[{"embeddable":true,"href":"https:\/\/granadacostaglobal.es\/index.php?rest_route=\/"}],"wp:attachment":[{"href":"https:\/\/granadacostaglobal.es\/index.php?rest_route=%2Fwp%2Fv2%2Fmedia&parent=10723"}],"wp:term":[{"taxonomy":"category","embeddable":true,"href":"https:\/\/granadacostaglobal.es\/index.php?rest_route=%2Fwp%2Fv2%2Fcategories&post=10723"},{"taxonomy":"post_tag","embeddable":true,"href":"https:\/\/granadacostaglobal.es\/index.php?rest_route=%2Fwp%2Fv2%2Ftags&post=10723"}],"curies":[{"name":"wp","href":"https:\/\/api.w.org\/{rel}","templated":true}]}}