{"id":10679,"date":"2017-03-14T12:33:00","date_gmt":"2017-03-14T12:33:00","guid":{"rendered":"http:\/\/granadacostanacional.es\/?p=10679"},"modified":"2017-03-14T12:33:00","modified_gmt":"2017-03-14T12:33:00","slug":"certamen-de-poesia-balcon-poetico-andaluz-antonio-gutierrez-premian-a-tres-miembros-de-granada-costa-y-tony-castillo-recibe-el-galardon-de-honor","status":"publish","type":"post","link":"https:\/\/granadacostaglobal.es\/?p=10679","title":{"rendered":"Exito de calidad y participaci\u00f3n en Certamen de poes\u00eda balc\u00f3n po\u00e9tico andaluz Antonio Guti\u00e9rrez.  To\u00f1y Castillo recibe el Galard\u00f3n de Honor"},"content":{"rendered":"<figure id=\"attachment_10691\" aria-describedby=\"caption-attachment-10691\" style=\"width: 300px\" class=\"wp-caption alignright\"><a href=\"http:\/\/granadacostanacional.es\/wp-content\/uploads\/2017\/03\/DSC_0086.jpg\"><img decoding=\"async\" loading=\"lazy\" class=\"wp-image-10691 size-medium\" src=\"http:\/\/granadacostanacional.es\/wp-content\/uploads\/2017\/03\/DSC_0086-300x199.jpg\" alt=\"DSC_0086\" width=\"300\" height=\"199\" \/><\/a><figcaption id=\"caption-attachment-10691\" class=\"wp-caption-text\">Sra.Eva Solana Secretar\u00eda Casa Andaluc\u00eda de Lleida.<\/figcaption><\/figure>\n<figure id=\"attachment_10689\" aria-describedby=\"caption-attachment-10689\" style=\"width: 199px\" class=\"wp-caption alignleft\"><a href=\"http:\/\/granadacostanacional.es\/wp-content\/uploads\/2017\/03\/DSC_0082.jpg\"><img decoding=\"async\" loading=\"lazy\" class=\"wp-image-10689 size-medium\" src=\"http:\/\/granadacostanacional.es\/wp-content\/uploads\/2017\/03\/DSC_0082-199x300.jpg\" alt=\"DSC_0082\" width=\"199\" height=\"300\" \/><\/a><figcaption id=\"caption-attachment-10689\" class=\"wp-caption-text\">Sr. Jordi Solana Presidente de la Casa de Andaluc\u00eda.<\/figcaption><\/figure>\n<figure id=\"attachment_10713\" aria-describedby=\"caption-attachment-10713\" style=\"width: 225px\" class=\"wp-caption aligncenter\"><img decoding=\"async\" loading=\"lazy\" class=\"wp-image-10713 size-medium\" src=\"http:\/\/granadacostanacional.es\/wp-content\/uploads\/2017\/03\/WhatsApp-Image-2017-03-13-at-12.21.03-2-225x300.jpeg\" alt=\"WhatsApp Image 2017-03-13 at 12.21.03 (2)\" width=\"225\" height=\"300\" \/><figcaption id=\"caption-attachment-10713\" class=\"wp-caption-text\">Antonio Guti\u00e9rrez . Director del evento, escritor y poeta que da nombre al certamen.<\/figcaption><\/figure>\n<p><span style=\"color: #993300;\">Certamen de Poes\u00eda Balc\u00f3n Po\u00e9tico Andaluz Antonio Guti\u00e9rrez de la Casa de Andaluc\u00eda de Lleida.<\/span><\/p>\n<p style=\"text-align: justify;\">Un a\u00f1o m\u00e1s Lleida se viste de gala para recibir a uno de los Cert\u00e1men\u00a0m\u00e1s carism\u00e1ticos de la ciudad. El s\u00e1bado pasado lleg\u00f3 a la 12 edici\u00f3n con gran n\u00famero de participantes que puso al jurado en situaci\u00f3n complicada a la hora de otorgar premios. Como \u00a0 Presidente \u00a0del jurado actu\u00f3 el profesor de literatura y escritor Sr. Francesc Pan\u00e9 y\u00a0la \u00a0profesora y escritora Sra. Ana Profit\u00f3s, y Sr Marc Torrent, grandes especialistas en poes\u00eda, que actuaron \u00a0como vocales.<\/p>\n<figure id=\"attachment_10688\" aria-describedby=\"caption-attachment-10688\" style=\"width: 199px\" class=\"wp-caption aligncenter\"><a href=\"http:\/\/granadacostanacional.es\/wp-content\/uploads\/2017\/03\/DSC_0078.jpg\"><img decoding=\"async\" loading=\"lazy\" class=\"wp-image-10688 size-medium\" src=\"http:\/\/granadacostanacional.es\/wp-content\/uploads\/2017\/03\/DSC_0078-199x300.jpg\" alt=\"DSC_0078\" width=\"199\" height=\"300\" \/><\/a><figcaption id=\"caption-attachment-10688\" class=\"wp-caption-text\">Sr. Francesc Pan\u00e9 Presidente del Jurado del Certamen<\/figcaption><\/figure>\n<figure id=\"attachment_10707\" aria-describedby=\"caption-attachment-10707\" style=\"width: 300px\" class=\"wp-caption alignright\"><a href=\"http:\/\/granadacostanacional.es\/wp-content\/uploads\/2017\/03\/DSC_0179.jpg\"><img decoding=\"async\" loading=\"lazy\" class=\"wp-image-10707 size-medium\" src=\"http:\/\/granadacostanacional.es\/wp-content\/uploads\/2017\/03\/DSC_0179-300x199.jpg\" alt=\"DSC_0179\" width=\"300\" height=\"199\" \/><\/a><figcaption id=\"caption-attachment-10707\" class=\"wp-caption-text\">Jos\u00e9 Antonio Barranco. conductor del acto llen\u00f3 de maestr\u00eda el evento<\/figcaption><\/figure>\n<p style=\"text-align: justify;\"><span style=\"color: #993300;\"><strong>\u00a0Cr\u00f3nica de la bella tarde<\/strong><\/span><\/p>\n<p style=\"text-align: justify;\"><strong>La Academia Mariana<\/strong> de Nuestra ciudad acoge \u00a0como es habitual una velada en la cual premiados y amantes de la buena poes\u00eda se unen para aplaudir una iniciativa, <span style=\"color: #993300;\">siempre llena de calor, cultura y amor por las letras.<\/span><\/p>\n<p style=\"text-align: justify;\">\u00a0<strong>El Balc\u00f3n Po\u00e9tico<\/strong>\u00a0<strong>Andaluz<\/strong>\u00a0un certamen \u00a0creado por \u00a0la Casa de Andaluc\u00eda coincidiendo con \u00a0el 25\u00aa aniversario de su fundaci\u00f3n, es de car\u00e1cter internacional y consta tres premios \u00a0y tres finalistas, los poemas han de estar \u00a0dedicados a Andaluc\u00eda o tema libre, entre los galardonados se destaca que \u00a0quedaron seleccionado en el certamen <span style=\"color: #993300;\">tres escritores pertenecientes a la familia Granada Costa \u00a0Sr.\u00a0Manuel Gim\u00e9nez Gonz\u00e1lez de Valencia (2\u00ba premio) y Sr.\u00a0Jose Luis Ruiz Vidal de Cantabria, Sra.\u00a0Carmen Carrasco Ramos de Valencia (c\u00f3mo finalistas).<\/span>\u00a0As\u00ed como el Sr. Jose Luis Bragado Garc\u00eda de Valladolid, la \u00a0Sra. Herminia Dionis Piquero de Huesca (3\u00ba premio),y el\u00a0Sr Feliciano Ramos Navarro de C\u00f3rdoba obtuvo el primer premio del B\u00e1lc\u00f3n po\u00e9tico, \u00a0cuyas poes\u00edas se leyeron ante los asistentes al acto, por los rapsodas: \u00a0 Sra. Paquita Oto, Sr. Pepe Fern\u00e1ndez, Sra. Maribel S\u00e1nchez, \u00a0Sr. Marc Torrent y la Dra. To\u00f1y Castillo.<\/p>\n<figure id=\"attachment_10700\" aria-describedby=\"caption-attachment-10700\" style=\"width: 220px\" class=\"wp-caption alignleft\"><a href=\"http:\/\/granadacostanacional.es\/wp-content\/uploads\/2017\/03\/DSC_0108.jpg\"><img decoding=\"async\" loading=\"lazy\" class=\"wp-image-10700\" src=\"http:\/\/granadacostanacional.es\/wp-content\/uploads\/2017\/03\/DSC_0108-300x199.jpg\" alt=\"DSC_0108\" width=\"220\" height=\"146\" \/><\/a><figcaption id=\"caption-attachment-10700\" class=\"wp-caption-text\">La Rapsoda Paquita Oto leyendo el poema del Sr. Jose Luis Ruiz Vidal<\/figcaption><\/figure>\n<figure id=\"attachment_10742\" aria-describedby=\"caption-attachment-10742\" style=\"width: 199px\" class=\"wp-caption alignright\"><img decoding=\"async\" loading=\"lazy\" class=\"wp-image-10742 size-medium\" src=\"http:\/\/granadacostanacional.es\/wp-content\/uploads\/2017\/03\/DSC_0092-1-199x300.jpg\" alt=\"DSC_0092\" width=\"199\" height=\"300\" \/><figcaption id=\"caption-attachment-10742\" class=\"wp-caption-text\">La Sra. Carmen Porta recogiendo el diploma de la Sra. Carmen Carrasco junto al Director del Certamen Sr. Antonio Gutierrez y la Directora Adjunta para Catalu\u00f1a de Granada Costa Dra To\u00f1y Castillo<\/figcaption><\/figure>\n<figure id=\"attachment_10743\" aria-describedby=\"caption-attachment-10743\" style=\"width: 225px\" class=\"wp-caption alignright\"><a href=\"http:\/\/granadacostanacional.es\/wp-content\/uploads\/2017\/03\/WhatsApp-Image-2017-03-13-at-12.21.03-1.jpeg\"><img decoding=\"async\" loading=\"lazy\" class=\"wp-image-10743 size-medium\" src=\"http:\/\/granadacostanacional.es\/wp-content\/uploads\/2017\/03\/WhatsApp-Image-2017-03-13-at-12.21.03-1-225x300.jpeg\" alt=\"WhatsApp Image 2017-03-13 at 12.21.03 (1)\" width=\"225\" height=\"300\" \/><\/a><figcaption id=\"caption-attachment-10743\" class=\"wp-caption-text\">El rapsoda Jaume Marc Torrent leyendo el poema del Sr. Feliciano Ramos Navarro<\/figcaption><\/figure>\n<figure id=\"attachment_10704\" aria-describedby=\"caption-attachment-10704\" style=\"width: 199px\" class=\"wp-caption alignnone\"><a href=\"http:\/\/granadacostanacional.es\/wp-content\/uploads\/2017\/03\/DSC_0118.jpg\"><img decoding=\"async\" loading=\"lazy\" class=\"wp-image-10704 size-medium\" src=\"http:\/\/granadacostanacional.es\/wp-content\/uploads\/2017\/03\/DSC_0118-199x300.jpg\" alt=\"DSC_0118\" width=\"199\" height=\"300\" \/><\/a><figcaption id=\"caption-attachment-10704\" class=\"wp-caption-text\">Sr. Ferran L\u00f3pez Vicepresidente de la Casa de Andaluc\u00eda de Lleida con la Sra. \u00a0Sara Mestres Concejala del Ayuntamiento de Lleida . Recojen el galard\u00f3n en nombre de un premiado que le fue imposible desplazarse<\/figcaption><\/figure>\n<figure id=\"attachment_10747\" aria-describedby=\"caption-attachment-10747\" style=\"width: 199px\" class=\"wp-caption alignleft\"><a href=\"http:\/\/granadacostanacional.es\/wp-content\/uploads\/2017\/03\/DSC_0124.jpg\"><img decoding=\"async\" loading=\"lazy\" class=\"wp-image-10747 size-medium\" src=\"http:\/\/granadacostanacional.es\/wp-content\/uploads\/2017\/03\/DSC_0124-199x300.jpg\" alt=\"DSC_0124\" width=\"199\" height=\"300\" \/><\/a><figcaption id=\"caption-attachment-10747\" class=\"wp-caption-text\">la poeta y rapsoda la Sra. Maribel S\u00e1nchez leyendo el poema del Sr. \u00a0Jose Luis Bragado Garc\u00eda<\/figcaption><\/figure>\n<figure id=\"attachment_10760\" aria-describedby=\"caption-attachment-10760\" style=\"width: 300px\" class=\"wp-caption alignright\"><img decoding=\"async\" loading=\"lazy\" class=\"wp-image-10760 size-medium\" src=\"http:\/\/granadacostanacional.es\/wp-content\/uploads\/2017\/03\/DSC_0166-300x199.jpg\" alt=\"DSC_0166\" width=\"300\" height=\"199\" \/><figcaption id=\"caption-attachment-10760\" class=\"wp-caption-text\">Gran n\u00famero de p\u00fablico asistente<\/figcaption><\/figure>\n<figure id=\"attachment_10766\" aria-describedby=\"caption-attachment-10766\" style=\"width: 225px\" class=\"wp-caption alignright\"><img decoding=\"async\" loading=\"lazy\" class=\"wp-image-10766 size-medium\" src=\"http:\/\/granadacostanacional.es\/wp-content\/uploads\/2017\/03\/WhatsApp-Image-2017-03-14-at-10.48.47-5-225x300.jpeg\" alt=\"WhatsApp Image 2017-03-14 at 10.48.47 (5)\" width=\"225\" height=\"300\" \/><figcaption id=\"caption-attachment-10766\" class=\"wp-caption-text\">El poema de la Sra. Herminia Dionis en la voz del rapsoda el Sr.Pepe Fernandez<\/figcaption><\/figure>\n<figure id=\"attachment_10757\" aria-describedby=\"caption-attachment-10757\" style=\"width: 225px\" class=\"wp-caption alignnone\"><a href=\"http:\/\/granadacostanacional.es\/wp-content\/uploads\/2017\/03\/WhatsApp-Image-2017-03-14-at-10.48.47-4.jpeg\"><img decoding=\"async\" loading=\"lazy\" class=\"wp-image-10757 size-medium\" src=\"http:\/\/granadacostanacional.es\/wp-content\/uploads\/2017\/03\/WhatsApp-Image-2017-03-14-at-10.48.47-4-225x300.jpeg\" alt=\"WhatsApp Image 2017-03-14 at 10.48.47 (4)\" width=\"225\" height=\"300\" \/><\/a><figcaption id=\"caption-attachment-10757\" class=\"wp-caption-text\">Nuestro Compa\u00f1ero Manuel recogiendo el segundo premio, junto a \u00e9l, Sr. Josep Comes que patrocina este premio en representaci\u00f3n como Presidente dels Armats de Lleida<\/figcaption><\/figure>\n<p><a href=\"http:\/\/granadacostanacional.es\/wp-content\/uploads\/2017\/03\/WhatsApp-Image-2017-03-14-at-10.48.47-2.jpeg\"><img decoding=\"async\" loading=\"lazy\" class=\"size-medium wp-image-10758 aligncenter\" src=\"http:\/\/granadacostanacional.es\/wp-content\/uploads\/2017\/03\/WhatsApp-Image-2017-03-14-at-10.48.47-2-225x300.jpeg\" alt=\"WhatsApp Image 2017-03-14 at 10.48.47 (2)\" width=\"225\" height=\"300\" \/><\/a><\/p>\n<p style=\"text-align: justify;\">Una vez finalizada la entrega de premios y Diplomas a los ganadores de este Certamen de Poes\u00eda Balc\u00f3n Po\u00e9tico Andaluz 2017, recibimos \u00a0a la \u00a0poetisa invitada y residente en Tarragona, la Sra. Mar\u00eda Isabel S\u00e1nchez \u00a0para recitarnos un poema de su nuevo libro.<\/p>\n<p>&nbsp;<\/p>\n<figure id=\"attachment_10746\" aria-describedby=\"caption-attachment-10746\" style=\"width: 300px\" class=\"wp-caption alignnone\"><a href=\"http:\/\/granadacostanacional.es\/wp-content\/uploads\/2017\/03\/DSC_0106-1.jpg\"><img decoding=\"async\" loading=\"lazy\" class=\"wp-image-10746 size-medium\" src=\"http:\/\/granadacostanacional.es\/wp-content\/uploads\/2017\/03\/DSC_0106-1-300x199.jpg\" alt=\"DSC_0106\" width=\"300\" height=\"199\" \/><\/a><figcaption id=\"caption-attachment-10746\" class=\"wp-caption-text\">La Rapsosa To\u00f1y Castillo Leyendo el precioso poema premiado de la Sra. Carmen Carrasco, poeta y escritora.<\/figcaption><\/figure>\n<p style=\"text-align: justify;\">\u00a0<strong>El Balc\u00f3n Po\u00e9tico en esta edici\u00f3n instaur\u00f3 su \u00a0 Galard\u00f3n de Honor<\/strong> que recay\u00f3 \u00a0<span style=\"color: #800000;\">en la Doctora\u00a0To\u00f1y Castillo<\/span><strong><span style=\"color: #800000;\">,<\/span><\/strong> en \u00e9<span style=\"color: #800000;\">l se premi\u00f3 la trayectoria\u00a0\u00a0literaria y calidad \u00a0profesional de la Escritora y Directora del Aula hospitalaria de Lleida.<\/span> Agradeci\u00f3 el Galard\u00f3n y se lo dedic\u00f3 a sus padres presentes en la sala. Hizo\u00a0\u00a0entrega del mismo \u00a0el Presidente de la entidad el Sr. Jordi Solana y como no, \u00a0el gran poeta que da nombre a este certamen el Sr. Antonio Gutierrez .<img decoding=\"async\" loading=\"lazy\" class=\"size-medium wp-image-10763 alignleft\" src=\"http:\/\/granadacostanacional.es\/wp-content\/uploads\/2017\/03\/DSC_0199-300x199.jpg\" alt=\"DSC_0199\" width=\"300\" height=\"199\" \/> <img decoding=\"async\" loading=\"lazy\" class=\"size-medium wp-image-10762 alignright\" src=\"http:\/\/granadacostanacional.es\/wp-content\/uploads\/2017\/03\/DSC_0196-300x199.jpg\" alt=\"DSC_0196\" width=\"300\" height=\"199\" \/><span style=\"color: #ff0000;\">\u00a0<\/span><\/p>\n<figure id=\"attachment_10712\" aria-describedby=\"caption-attachment-10712\" style=\"width: 300px\" class=\"wp-caption aligncenter\"><a href=\"http:\/\/granadacostanacional.es\/wp-content\/uploads\/2017\/03\/trio1.jpg\"><img decoding=\"async\" loading=\"lazy\" class=\"wp-image-10712 size-medium\" src=\"http:\/\/granadacostanacional.es\/wp-content\/uploads\/2017\/03\/trio1-300x257.jpg\" alt=\"trio1\" width=\"300\" height=\"257\" \/><\/a><figcaption id=\"caption-attachment-10712\" class=\"wp-caption-text\">la Dra Castillo Junto a sus padres a los cuales le dedic\u00f3 este Galard\u00f3n de Honor<\/figcaption><\/figure>\n<figure id=\"attachment_10709\" aria-describedby=\"caption-attachment-10709\" style=\"width: 300px\" class=\"wp-caption alignright\"><img decoding=\"async\" loading=\"lazy\" class=\"wp-image-10709 size-medium\" src=\"http:\/\/granadacostanacional.es\/wp-content\/uploads\/2017\/03\/WhatsApp-Image-2017-03-13-at-12.21.03-4-300x225.jpeg\" alt=\"WhatsApp Image 2017-03-13 at 12.21.03 (4)\" width=\"300\" height=\"225\" \/><figcaption id=\"caption-attachment-10709\" class=\"wp-caption-text\">Galard\u00f3n del Balc\u00f3n Po\u00e9tico<\/figcaption><\/figure>\n<p><a href=\"http:\/\/granadacostanacional.es\/wp-content\/uploads\/2017\/03\/WhatsApp-Image-2017-03-13-at-12.21.03-3.jpeg\"><img decoding=\"async\" loading=\"lazy\" class=\"alignnone size-medium wp-image-10710\" src=\"http:\/\/granadacostanacional.es\/wp-content\/uploads\/2017\/03\/WhatsApp-Image-2017-03-13-at-12.21.03-3-300x225.jpeg\" alt=\"WhatsApp Image 2017-03-13 at 12.21.03 (3)\" width=\"300\" height=\"225\" \/><\/a><\/p>\n<p style=\"text-align: justify;\">El encuentro literario estuvo magistralmente acompa\u00f1ado a la guitarra por el maestro<span style=\"color: #800000;\"> Antonio Alberjano \u00a0quien cerraria el acto\u00a0\u00a0junto con la gran actuaci\u00f3n de Maribel Mu\u00f1oz.<\/span><img decoding=\"async\" loading=\"lazy\" class=\"size-medium wp-image-10761 alignright\" src=\"http:\/\/granadacostanacional.es\/wp-content\/uploads\/2017\/03\/DSC_0228-300x199.jpg\" alt=\"DSC_0228\" width=\"300\" height=\"199\" \/><\/p>\n<p style=\"text-align: justify;\"><span style=\"color: #800000;\">Una bonita tarde para recordar&#8230;. Gracias a Todos los Asistentes, participantes, y al gran amigo y poeta Antonio Gutierr\u00e9z por seguir apostando por la cultura y mi agradecimiento, ya, en primera persona por este reconocimiento hacia mi. Gracias a la Casa de Andalucia y seguiremos asom\u00e1ndonos a este balc\u00f3n de Andaluc\u00eda con vistas al mundo.<\/span><\/p>\n<p style=\"text-align: justify;\">\u00a0<strong>Gracias de Coraz\u00f3n. To\u00f1y Castillo<\/strong><\/p>\n<p><iframe loading=\"lazy\" title=\"BALC\u00d3N PO\u00c9TICO ANDALUZ 2017\" width=\"640\" height=\"360\" src=\"https:\/\/www.youtube.com\/embed\/5Srgfx2Bk-I?feature=oembed\" frameborder=\"0\" allow=\"accelerometer; autoplay; clipboard-write; encrypted-media; gyroscope; picture-in-picture; web-share\" allowfullscreen><\/iframe><\/p>\n<p>Gracias \u00a0Manolo Zamora \u00a0por inmortalizar el Acto y A Jaume \u00a0Climent por su mirada \u00a0y este v\u00eddeo de regalo<\/p>\n","protected":false},"excerpt":{"rendered":"<p>Certamen de Poes\u00eda Balc\u00f3n Po\u00e9tico Andaluz Antonio Guti\u00e9rrez de la Casa de Andaluc\u00eda de Lleida. Un a\u00f1o m\u00e1s Lleida se&hellip;<\/p>\n","protected":false},"author":4,"featured_media":10680,"comment_status":"open","ping_status":"open","sticky":false,"template":"","format":"standard","meta":{"om_disable_all_campaigns":false,"_mi_skip_tracking":false,"_monsterinsights_sitenote_active":false,"_monsterinsights_sitenote_note":"","_monsterinsights_sitenote_category":0,"footnotes":""},"categories":[25,26,21,19,30],"tags":[],"aioseo_notices":[],"_links":{"self":[{"href":"https:\/\/granadacostaglobal.es\/index.php?rest_route=\/wp\/v2\/posts\/10679"}],"collection":[{"href":"https:\/\/granadacostaglobal.es\/index.php?rest_route=\/wp\/v2\/posts"}],"about":[{"href":"https:\/\/granadacostaglobal.es\/index.php?rest_route=\/wp\/v2\/types\/post"}],"author":[{"embeddable":true,"href":"https:\/\/granadacostaglobal.es\/index.php?rest_route=\/wp\/v2\/users\/4"}],"replies":[{"embeddable":true,"href":"https:\/\/granadacostaglobal.es\/index.php?rest_route=%2Fwp%2Fv2%2Fcomments&post=10679"}],"version-history":[{"count":0,"href":"https:\/\/granadacostaglobal.es\/index.php?rest_route=\/wp\/v2\/posts\/10679\/revisions"}],"wp:featuredmedia":[{"embeddable":true,"href":"https:\/\/granadacostaglobal.es\/index.php?rest_route=\/"}],"wp:attachment":[{"href":"https:\/\/granadacostaglobal.es\/index.php?rest_route=%2Fwp%2Fv2%2Fmedia&parent=10679"}],"wp:term":[{"taxonomy":"category","embeddable":true,"href":"https:\/\/granadacostaglobal.es\/index.php?rest_route=%2Fwp%2Fv2%2Fcategories&post=10679"},{"taxonomy":"post_tag","embeddable":true,"href":"https:\/\/granadacostaglobal.es\/index.php?rest_route=%2Fwp%2Fv2%2Ftags&post=10679"}],"curies":[{"name":"wp","href":"https:\/\/api.w.org\/{rel}","templated":true}]}}