{"id":10659,"date":"2017-03-11T08:33:10","date_gmt":"2017-03-11T08:33:10","guid":{"rendered":"http:\/\/granadacostanacional.es\/?p=10659"},"modified":"2017-03-11T08:33:10","modified_gmt":"2017-03-11T08:33:10","slug":"susana-diaz-valora-el-crecimiento-del-10-del-turismo-aleman-en-2016-y-preve-un-aumento-de-otro-4-para-este-ano","status":"publish","type":"post","link":"https:\/\/granadacostaglobal.es\/?p=10659","title":{"rendered":"Susana D\u00edaz valora el crecimiento del 10% del turismo alem\u00e1n en 2016 y prev\u00e9 un aumento de otro 4% para este a\u00f1o"},"content":{"rendered":"<h4>La presidenta anuncia un acuerdo, cerrado en la ITB de Berl\u00edn, entre la Junta y el operador Gebeco para atraer a viajeros con alto poder adquisitivo.<\/h4>\n<p style=\"text-align: justify;\">La presidenta de la Junta, Susana D\u00edaz, ha destacado que Andaluc\u00eda consolida su posici\u00f3n de liderazgo como destino en el mercado alem\u00e1n, con un crecimiento del 10% en 2016 en la llegada de turistas (1,2 millones) y pernoctaciones (4,2 millones), al que se suma la previsi\u00f3n de aumento de otro 4% este a\u00f1o.<\/p>\n<p style=\"text-align: justify;\">Susana D\u00edaz, acompa\u00f1ada por el consejero de Turismo y Deporte, Francisco Javier Fern\u00e1ndez, asisti\u00f3 a la Internationale Tourismus B\u00f6rse (ITB) que se celebra en la capital alemana, y present\u00f3 los principales resultados sobre la evoluci\u00f3n mercado alem\u00e1n, en el que la comunidad andaluza aument\u00f3 sus cifras por encima de la media de Espa\u00f1a y de las principales regiones tur\u00edsticas nacionales.<\/p>\n<p style=\"text-align: justify;\">La presidenta de la Junta ha destacado la importancia comercial de la ITB de Berl\u00edn, en la que participan los ocho patronatos tur\u00edsticos provinciales y un centenar de empresarios andaluces, para impactar en el mercado alem\u00e1n, que es el segundo internacional en importancia para Andaluc\u00eda, solo superado por el Reino Unido.<\/p>\n<p style=\"text-align: justify;\"><a href=\"http:\/\/granadacostanacional.es\/wp-content\/uploads\/2017\/03\/Sec-Estado-Turismo.jpg\"><img decoding=\"async\" loading=\"lazy\" class=\"alignnone  wp-image-10661\" src=\"http:\/\/granadacostanacional.es\/wp-content\/uploads\/2017\/03\/Sec-Estado-Turismo-300x199.jpg\" alt=\"Sec Estado Turismo\" width=\"501\" height=\"332\" \/><\/a><\/p>\n<p style=\"text-align: justify;\">En efecto, los turistas alemanes son los m\u00e1s viajeros del mundo y los europeos que m\u00e1s gasto aportan y que protagonizan estancias m\u00e1s largas. El a\u00f1o pasado, su estancia media en Andaluc\u00eda fue de 13 d\u00edas (casi dos m\u00e1s que el a\u00f1o anterior) y su gasto diario promedio de 66 euros (4,5 euros m\u00e1s que el ejercicio anterior y 1,5 m\u00e1s que la media del resto de viajeros que visita la comunidad). Esta combinaci\u00f3n de estancias m\u00e1s largas y gastos mayores aumenta la rentabilidad, tal y como ha resaltado Susana D\u00edaz.<\/p>\n<p style=\"text-align: justify;\">La presidenta ha valorado que Andaluc\u00eda se consolida, a\u00f1o tras a\u00f1o, \u201ccomo primer destino peninsular en estancias para los turistas alemanes\u201d y ocupa la primera posici\u00f3n en volumen de negocio tambi\u00e9n en la Pen\u00ednsula.<\/p>\n<p style=\"text-align: justify;\">En concreto, Andaluc\u00eda recibi\u00f3 en 2016 la visita de 1,2 millones de turistas alemanes -la mejor cifra hasta el momento-, lo que supone un 10,4% m\u00e1s. Este crecimiento supera la previsi\u00f3n que el propio Gobierno andaluz se hab\u00eda marcado en la anterior edici\u00f3n de la ITB, seg\u00fan ha explicado D\u00edaz.<\/p>\n<p style=\"text-align: justify;\">Igualmente, contabiliz\u00f3 864.000 viajeros alojados en los establecimientos hoteleros, un 7,4% m\u00e1s; y cerca de 4,2 millones de pernoctaciones, con un aumento del 10%, superior al repunte nacional del 6,6%.<\/p>\n<p style=\"text-align: justify;\">En cuanto al perfil de los viajeros, el alem\u00e1n tiene preferencia por el alojamiento hotelero, dado que cerca del 70% utiliza esta modalidad, y por el segmento de &#8216;sol y playa&#8217;, aunque exige cada vez en mayor grado una apuesta continua por la innovaci\u00f3n y la diversificaci\u00f3n en los destinos. Adem\u00e1s, ha incrementado su valoraci\u00f3n sobre Andaluc\u00eda, que ya alcanza los 8,3 puntos sobre diez, la m\u00e1s elevada de los \u00faltimos a\u00f1os, y tiene un alto grado de fidelizaci\u00f3n, que en 2016 roz\u00f3 el 38%.<\/p>\n<p style=\"text-align: justify;\">Son, ha valorado Susana D\u00edaz, unas \u201ccifras extraordinarias\u201d, que \u201chace solo unos a\u00f1os pens\u00e1bamos que estaban fuera de nuestro alcance y que hoy hemos superado\u201d. El objetivo a partir de ahora es \u201cavanzar y seguir creciendo\u201d, mejorando \u201cla nota como destino, la vinculaci\u00f3n con Andaluc\u00eda, la estancia media y el gasto diario\u201d; todo ello en un contexto de competencia con otros destinos del Mediterr\u00e1neo para el que la comunidad tiene que estar preparado.<\/p>\n<p style=\"text-align: justify;\">En ese sentido, la comunidad acude a la ITB con medio centenar de acciones de marketing dirigidas a \u201ccompletar la opci\u00f3n de Andaluc\u00eda para viajar\u201d, entre ellos la presentaci\u00f3n de tres nuevos productos tur\u00edsticos que \u201cse ajustan muy bien a los deseos del p\u00fablico alem\u00e1n\u201d, como son la Capitalidad Gastron\u00f3mica de Huelva, el A\u00f1o Murillo y el 250 aniversario de las poblaciones andaluzas que fundaron emigrantes llegados de Alemania.<\/p>\n<p style=\"text-align: justify;\">Dentro de las oportunidades de negocio que se concretan en este encuentro tur\u00edstico, D\u00edaz ha valorado el acuerdo que la Junta ha cerrado, en el marco de la ITB de Berl\u00edn, con Gebeco, uno de los principales intermediarios tur\u00edsticos alemanes, especializado en cultura y naturaleza, y dirigido a un perfil de turista urbano y cosmopolita. Este acuerdo va a permitir que la promoci\u00f3n de Andaluc\u00eda llegue a viajeros con un alto poder adquisitivo y, por tanto, con m\u00e1s posibilidades de viajar.<\/p>\n<p style=\"text-align: justify;\">Por otra parte, D\u00edaz ha insistido en su petici\u00f3n al Gobierno central para que \u201cadapte los tipos impositivos\u201d a los empresarios hoteleros que hacen el \u201cesfuerzo\u201d de abrir todo el a\u00f1o, ayudando a superar la estacionalidad y contribuyendo a \u201cgenerar empleo y riqueza\u201d.<\/p>\n<p style=\"text-align: justify;\"><strong>Promoci\u00f3n de Andaluc\u00eda en Alemania<\/strong><\/p>\n<p style=\"text-align: justify;\">Alemania es el mercado extranjero en el que la Consejer\u00eda de Turismo y Deporte desarrolla un mayor n\u00famero de acciones promocionales y una mayor inversi\u00f3n, situ\u00e1ndose tan solo por detr\u00e1s del emisor nacional. As\u00ed, el Plan de Acci\u00f3n de 2016 en el pa\u00eds germano incluye 50 actividades de marketing para mostrar la regi\u00f3n como la opci\u00f3n m\u00e1s completa para viajar.<\/p>\n<p style=\"text-align: justify;\">Dentro de esta estrategia promocional, el expositor de Andaluc\u00eda en la ITB, de 500 metros cuadrados, presenta un formato renovado y una imagen innovadora m\u00e1s acorde con las nuevas tendencias y perfiles de la demanda. El pabell\u00f3n alberga a los ocho patronatos provinciales y una zona de trabajo para encuentros profesionales.<\/p>\n<p style=\"text-align: justify;\">En el marco de esta feria, la delegaci\u00f3n andaluza mantiene encuentros con operadores y empresas del sector tur\u00edstico germano para impulsar la comercializaci\u00f3n del destino. Adem\u00e1s del acuerdo con Gebeco, el Gobierno andaluz ha mantenido una reuni\u00f3n con la empresa Infox, el proveedor alem\u00e1n con mayor acceso a los intermediarios.<\/p>\n<p style=\"text-align: justify;\">La cultura y el segmento de interior y naturaleza son dos productos en los que se incide durante la ITB de Berl\u00edn. Tambi\u00e9n se realiza un plan de comunicaci\u00f3n hasta el 12 de marzo que recoge presencia en la revista profesional FVW y en soportes exteriores ubicados en zonas de gran afluencia y notoriedad del recinto ferial Messe Berl\u00edn, con el objetivo de fortalecer la presencia de la marca Andaluc\u00eda y captar un mayor n\u00famero de visitantes al expositor, que durante el fin de semana acoger\u00e1 acciones directas al consumidor.<\/p>\n","protected":false},"excerpt":{"rendered":"<p>La presidenta anuncia un acuerdo, cerrado en la ITB de Berl\u00edn, entre la Junta y el operador Gebeco para atraer&hellip;<\/p>\n","protected":false},"author":2,"featured_media":10660,"comment_status":"open","ping_status":"open","sticky":false,"template":"","format":"standard","meta":{"om_disable_all_campaigns":false,"_mi_skip_tracking":false,"_monsterinsights_sitenote_active":false,"_monsterinsights_sitenote_note":"","_monsterinsights_sitenote_category":0,"footnotes":""},"categories":[22],"tags":[],"aioseo_notices":[],"_links":{"self":[{"href":"https:\/\/granadacostaglobal.es\/index.php?rest_route=\/wp\/v2\/posts\/10659"}],"collection":[{"href":"https:\/\/granadacostaglobal.es\/index.php?rest_route=\/wp\/v2\/posts"}],"about":[{"href":"https:\/\/granadacostaglobal.es\/index.php?rest_route=\/wp\/v2\/types\/post"}],"author":[{"embeddable":true,"href":"https:\/\/granadacostaglobal.es\/index.php?rest_route=\/wp\/v2\/users\/2"}],"replies":[{"embeddable":true,"href":"https:\/\/granadacostaglobal.es\/index.php?rest_route=%2Fwp%2Fv2%2Fcomments&post=10659"}],"version-history":[{"count":0,"href":"https:\/\/granadacostaglobal.es\/index.php?rest_route=\/wp\/v2\/posts\/10659\/revisions"}],"wp:featuredmedia":[{"embeddable":true,"href":"https:\/\/granadacostaglobal.es\/index.php?rest_route=\/"}],"wp:attachment":[{"href":"https:\/\/granadacostaglobal.es\/index.php?rest_route=%2Fwp%2Fv2%2Fmedia&parent=10659"}],"wp:term":[{"taxonomy":"category","embeddable":true,"href":"https:\/\/granadacostaglobal.es\/index.php?rest_route=%2Fwp%2Fv2%2Fcategories&post=10659"},{"taxonomy":"post_tag","embeddable":true,"href":"https:\/\/granadacostaglobal.es\/index.php?rest_route=%2Fwp%2Fv2%2Ftags&post=10659"}],"curies":[{"name":"wp","href":"https:\/\/api.w.org\/{rel}","templated":true}]}}