{"id":10654,"date":"2017-03-11T08:26:33","date_gmt":"2017-03-11T08:26:33","guid":{"rendered":"http:\/\/granadacostanacional.es\/?p=10654"},"modified":"2017-03-11T08:26:33","modified_gmt":"2017-03-11T08:26:33","slug":"la-gran-fiesta-del-aceite-andaluz-aovesol-2017-abre-puertas-en-el-palacio-de-congresos-de-torremolios","status":"publish","type":"post","link":"https:\/\/granadacostaglobal.es\/?p=10654","title":{"rendered":"LA GRAN FIESTA DEL ACEITE ANDALUZ \u2018AOVESOL 2017\u2019 ABRE PUERTAS EN EL PALACIO DE CONGRESOS DE TORREMOLIOS"},"content":{"rendered":"<h4>La feria, que estar\u00e1 hasta el domingo, re\u00fane los aoves de almazaras de las ocho provincias andaluzas y cuenta con un amplio programa de 19 actividades para todos los p\u00fablicos.<\/h4>\n<p style=\"text-align: justify;\">\u201cEs la gran fiesta del aceite andaluz\u201d.\u00a0 As\u00ed lo ha calificado Jos\u00e9 Luis Berguillos, director del comit\u00e9 organizador de una feria que, en tres a\u00f1os, se ha consolidado como el evento tem\u00e1tico m\u00e1s importante de la regi\u00f3n dedicado al aceite de oliva virgen extra y dirigido al consumidor final. \u2018AOVESOL 2017\u2019 ha abierto hoy sus puertas en el Palacio de Congresos de Torremolinos y hasta el domingo, 12 de marzo, con 55 expositores y 19 catas, talleres, shows de cocina en vivo, charlas y actividades did\u00e1cticas enfocadas al p\u00fablico infantil que integran el programa paralelo.<\/p>\n<p style=\"text-align: justify;\">Aceites de las ocho provincias andaluzas y siete denominaciones de origen de la regi\u00f3n participan en esta feria. \u2018AOVESOL 2017\u2019 re\u00fane a las m\u00e1s importantes almazaras de Andaluc\u00eda, as\u00ed como empresas que de una forma u otra utilizan el aceite de oliva virgen extra, ya sean de alimentaci\u00f3n o de cosm\u00e9tica.<\/p>\n<p style=\"text-align: justify;\">La teniente de alcalde de Torremolinos, Maribel Toc\u00f3n, ha presidido hoy el recorrido inaugural de la III Feria Tem\u00e1tica del Aceite de oliva Virgen Extra de la Costa del Sol. Junto a ella, han acudido al acto el delegado provincial de Agricultura, Pesca y Desarrollo Rural, Francisco Javier Salas; la directora de Sabor a M\u00e1laga, Leonor Garc\u00eda-Agua; la directora del Comedor de Santo Domingo, Maria \u00c1ngeles Mart\u00edn;\u00a0 la portavoz de Ciudadanos en el Ayuntamiento de Torremolinos, \u00c1ngeles Vergara, y el presidente del Comit\u00e9 Organizador de AoveSol, Jos\u00e9 Luis Bergillos, entre otras autoridades.<\/p>\n<p style=\"text-align: justify;\"><a href=\"http:\/\/granadacostanacional.es\/wp-content\/uploads\/2017\/03\/IMGP2935-Recorrido-Inaugural-AOVE-SOL-2017-Palacio-Congresos-Torremolinos.jpg\"><img decoding=\"async\" loading=\"lazy\" class=\"alignnone  wp-image-10656\" src=\"http:\/\/granadacostanacional.es\/wp-content\/uploads\/2017\/03\/IMGP2935-Recorrido-Inaugural-AOVE-SOL-2017-Palacio-Congresos-Torremolinos-300x201.jpg\" alt=\"IMGP2935 Recorrido Inaugural AOVE SOL 2017 - Palacio Congresos Torremolinos\" width=\"469\" height=\"314\" \/><\/a><\/p>\n<p style=\"text-align: justify;\"><strong>Importancia del aove en Andaluc\u00eda<\/strong><\/p>\n<p style=\"text-align: justify;\">El delegado de Agricultura ha hecho \u00e9nfasis en \u201cel peso del aceite de oliva virgen extra no solo en el campo andaluz, sino en la econom\u00eda, el medioambiente y el desarrollo del entorno rural que genera este producto\u201d. A esto, Salas ha a\u00f1adido los beneficios a la salud asociados a su consumo, como demuestran los estudios del Instituto Europeo para la Dieta Mediterr\u00e1nea tutelado por la Junta de Andaluc\u00eda, que se\u00f1alan al aove como un \u201cproducto en b\u00e1sico de la dieta mediterr\u00e1nea, saludable, cardiosaludable\u201d. Todos estos argumentos avalan su calificativo como \u2018oro l\u00edquido\u2019.<\/p>\n<p style=\"text-align: justify;\">Andalucia es la principal regi\u00f3n productora de aceites de oliva virgen extra del mundo. En cuanto a exportaci\u00f3n tambi\u00e9n encabeza el ranking mundial, \u201caunque a\u00fan nos queda por camino por recorrer\u201d, ha apuntado el delegado.<\/p>\n<p style=\"text-align: justify;\">Adem\u00e1s de poner en valor la excelencia de este producto natural, AOVESOL difunde a p\u00fablico y profesionales sus valores nutricionales, gastron\u00f3micos, culturales, para la salud y tambi\u00e9n como elemento estrat\u00e9gico tur\u00edstico, a trav\u00e9s del oleoturismo a trav\u00e9s de sus m\u00faltiples actividades en programa.<\/p>\n<p style=\"text-align: justify;\">Aceites de Baena, Priego de C\u00f3rdoba, Lucena, Estepa, Antequera o Sierra M\u00e1gina, entre otras, participan en esta edici\u00f3n e \u2018AOVESOL\u2019. Sus aceites se pueden degustar gratuitamente con el pan que ofrece en esta edici\u00f3n El Colmenero de Alhaur\u00edn. El abanico es amplio, con muchas variedades de aceites (picual, hojiblanca, verdial de V\u00e9lez, manzanilla alore\u00f1a o arbequina, entre muchas otras).<\/p>\n<p><a href=\"http:\/\/granadacostanacional.es\/wp-content\/uploads\/2017\/03\/IMG_20170310_113627-Talle-infantil-Elaboraci\u00f3n-de-Pan-AOVESOL-2017-Palacio-de-Congresos-Torremolinos.jpg\"><img decoding=\"async\" loading=\"lazy\" class=\" wp-image-10657\" src=\"http:\/\/granadacostanacional.es\/wp-content\/uploads\/2017\/03\/IMG_20170310_113627-Talle-infantil-Elaboraci\u00f3n-de-Pan-AOVESOL-2017-Palacio-de-Congresos-Torremolinos-300x169.jpg\" alt=\"dav\" width=\"534\" height=\"301\" \/><\/a><\/p>\n<p style=\"text-align: justify;\"><strong>Horario de apertura<\/strong><\/p>\n<p style=\"text-align: justify;\">\u2018AOVESOL 2017\u2019 ha abierto sus puertas hoy viernes, 10 de marzo, y hasta el domingo, 12 de marzo, en horario de 11\u201930 a 19\u201930 horas (viernes y s\u00e1bado), y de 11\u201930 a 18\u201930 horas el domingo. La entrada al recinto cuesta dos euros, y la mitad de la recaudaci\u00f3n se donar\u00e1 a la asociaci\u00f3n ben\u00e9fica malague\u00f1a Comedor de Santo Domingo en forma de aceites de oliva virgen extra, organizaci\u00f3n que atiende diariamente a 200 personas.<\/p>\n<p style=\"text-align: justify;\">El director del comit\u00e9 organizador de AOVESOL 2017 ha destacado el \u201csalto cualitativo\u201d experimentado por la feria tras su nuevo emplazamiento en el Palacio de Congresos de Torremolinos. \u201cNos permite ofrecer a expositores, ponentes y p\u00fablico unas condiciones fant\u00e1sticas para promocionar y hacer la labor divulgativa de los aoves que tiene por objetivo esta feria\u201d.<\/p>\n<p style=\"text-align: justify;\">La marca \u2018Sabor a M\u00e1laga\u2019 est\u00e1 representada en esta feria a trav\u00e9s de diez de almazaras de la provincia y una empresa de reposter\u00eda con aceite de oliva. Garcia-Aguas, ha reiterado la apuesta del ente dependiente de la Diputaci\u00f3n Provincial de M\u00e1laga por \u201cseguir apostando por el valor de nuestra tierra y luchar por recuperar la memoria gustativa de los productos y la gastronom\u00eda malague\u00f1a\u201d<\/p>\n<p style=\"text-align: justify;\">Entre las m\u00faltiples actividades del programa de \u2018AOVESOL 2017\u2019, enfocadas tanto a p\u00fablico adulto como a p\u00fablico infantil, estar\u00e1n los talleres infantiles \u2018Mini M\u00e1ster Chef Aove\u2019 donde aprender\u00e1n a preparar batidos con frutas de temporada, frutos secos y aceite de oliva virgen extra, as\u00ed como postres tradicionales y con fruta, queso fresco, yogur y AOVE; y la celebraci\u00f3n de un concurso de fotograf\u00eda.<\/p>\n<p style=\"text-align: justify;\">Abierto a todos los aficionados, la tem\u00e1tica del certamen se centra en el aceite de oliva virgen extra y su cultura: el olivar, la recolecci\u00f3n, la elaboraci\u00f3n, sus usos, la gastronom\u00eda, entre otras perspectivas. Las bases ya est\u00e1n disponibles en la p\u00e1gina web de AoveSol.<\/p>\n","protected":false},"excerpt":{"rendered":"<p>La feria, que estar\u00e1 hasta el domingo, re\u00fane los aoves de almazaras de las ocho provincias andaluzas y cuenta con&hellip;<\/p>\n","protected":false},"author":2,"featured_media":10655,"comment_status":"open","ping_status":"open","sticky":false,"template":"","format":"standard","meta":{"om_disable_all_campaigns":false,"_mi_skip_tracking":false,"_monsterinsights_sitenote_active":false,"_monsterinsights_sitenote_note":"","_monsterinsights_sitenote_category":0,"footnotes":""},"categories":[22],"tags":[],"aioseo_notices":[],"_links":{"self":[{"href":"https:\/\/granadacostaglobal.es\/index.php?rest_route=\/wp\/v2\/posts\/10654"}],"collection":[{"href":"https:\/\/granadacostaglobal.es\/index.php?rest_route=\/wp\/v2\/posts"}],"about":[{"href":"https:\/\/granadacostaglobal.es\/index.php?rest_route=\/wp\/v2\/types\/post"}],"author":[{"embeddable":true,"href":"https:\/\/granadacostaglobal.es\/index.php?rest_route=\/wp\/v2\/users\/2"}],"replies":[{"embeddable":true,"href":"https:\/\/granadacostaglobal.es\/index.php?rest_route=%2Fwp%2Fv2%2Fcomments&post=10654"}],"version-history":[{"count":0,"href":"https:\/\/granadacostaglobal.es\/index.php?rest_route=\/wp\/v2\/posts\/10654\/revisions"}],"wp:featuredmedia":[{"embeddable":true,"href":"https:\/\/granadacostaglobal.es\/index.php?rest_route=\/"}],"wp:attachment":[{"href":"https:\/\/granadacostaglobal.es\/index.php?rest_route=%2Fwp%2Fv2%2Fmedia&parent=10654"}],"wp:term":[{"taxonomy":"category","embeddable":true,"href":"https:\/\/granadacostaglobal.es\/index.php?rest_route=%2Fwp%2Fv2%2Fcategories&post=10654"},{"taxonomy":"post_tag","embeddable":true,"href":"https:\/\/granadacostaglobal.es\/index.php?rest_route=%2Fwp%2Fv2%2Ftags&post=10654"}],"curies":[{"name":"wp","href":"https:\/\/api.w.org\/{rel}","templated":true}]}}