{"id":10646,"date":"2017-03-11T08:17:21","date_gmt":"2017-03-11T08:17:21","guid":{"rendered":"http:\/\/granadacostanacional.es\/?p=10646"},"modified":"2017-03-11T08:17:21","modified_gmt":"2017-03-11T08:17:21","slug":"guadalinfo-el-valle-participa-en-la-organizacion-de-la-ii-feria-de-la-naranja-en-el-municipio-frances-de-villaneuve-la-riviere","status":"publish","type":"post","link":"https:\/\/granadacostaglobal.es\/?p=10646","title":{"rendered":"Guadalinfo El Valle participa en la organizaci\u00f3n de la II Feria de la Naranja en el municipio franc\u00e9s de Villaneuve la Rivi\u00e9re"},"content":{"rendered":"<h4><strong>20 empresarios y representantes de asociaciones locales <\/strong><strong>de El Valle <\/strong><strong>promocionar\u00e1n sus valores tur\u00edsticos, culturales y gastron\u00f3micos.<\/strong><\/h4>\n<p style=\"text-align: justify;\">El pr\u00f3ximo domingo 12 de marzo, la comarca de El Valle ser\u00e1 la protagonista en Villaneuve la Rivi\u00e9re, municipio franc\u00e9s hermanado desde 2004 con la localidad granadina que acoger\u00e1 la segunda Feria Tur\u00edstica Internacional F\u00eate de l\u2019Orange. \u00a0La tradicional\u00a0<a href=\"http:\/\/www.elvalle.es\/deportes-2\/feria-del-citrico-y-festival-de-la-naranja\/\">Feria de la Naranja de El Valle\u00a0<\/a>que celebrar\u00e1 del 7 al 9 de abril su 17\u00aa edici\u00f3n, se adelanta y viaja hasta Francia para con la colaboraci\u00f3n del\u00a0<a href=\"http:\/\/www.guadalinfo.es\/detalle-centro?ID_CENTRO=648\">Centro Guadalinfo<\/a>, dar a conocer los productos locales, buscar nuevas formas de comercializaci\u00f3n y empleabilidad, as\u00ed como impulsar la exportaci\u00f3n de c\u00edtricos, miel, mermeladas o aceite.<\/p>\n<p style=\"text-align: justify;\"><a href=\"http:\/\/granadacostanacional.es\/wp-content\/uploads\/2017\/03\/naranja2.jpg\"><img decoding=\"async\" loading=\"lazy\" class=\"alignnone wp-image-10648\" src=\"http:\/\/granadacostanacional.es\/wp-content\/uploads\/2017\/03\/naranja2-224x300.jpg\" alt=\"naranja2\" width=\"257\" height=\"344\" \/><\/a><a href=\"http:\/\/granadacostanacional.es\/wp-content\/uploads\/2017\/03\/naranja1.jpg\"><img decoding=\"async\" loading=\"lazy\" class=\"alignnone wp-image-10649\" src=\"http:\/\/granadacostanacional.es\/wp-content\/uploads\/2017\/03\/naranja1-215x300.jpg\" alt=\"naranja1\" width=\"245\" height=\"342\" \/><\/a><\/p>\n<p style=\"text-align: justify;\">Un grupo de 20 representantes de empresas (agr\u00edcolas, tur\u00edsticas, hosteleras, artesanos alfareros)\u00a0y de las asociaciones locales (mujeres, mayores y j\u00f3venes) mostrar\u00e1n los principales atractivos de la cultura gastron\u00f3mica y cultural de la zona. \u00a0Para ello el Centro Guadalinfo de El Valle ha participado de lleno informando y\u00a0coordinando a los participantes en el evento, as\u00ed como contactando con proveedores. &#8220;Desde el centro hemos tenido reuniones con dichas asociaciones para gestionar\u00a0lo que van a realizar cada una de ellas y ponerlas en contacto mediante mensajer\u00eda y redes sociales con las asociaciones francesas que les van ayudar,\u201d explica la Agente de Innovaci\u00f3n Local, Mar\u00eda Dolores Llaneli.<\/p>\n<p style=\"text-align: justify;\">La cita, que el a\u00f1o pasado supuso un rotundo \u00e9xito con la asistencia de 1.000 personas contar\u00e1 nuevamente con todos los ingredientes necesarios, como si de su celebraci\u00f3n en El Valle se tratara: degustaci\u00f3n de remoj\u00f3n de naranja, migas, zumo y gazpacho de lim\u00f3n; stands con venta de productos t\u00edpicos; concursos gastron\u00f3micos; informaci\u00f3n tur\u00edstica, etc.<\/p>\n<p style=\"text-align: justify;\">Para su difusi\u00f3n adem\u00e1s el Centro Guadalinfo ha prestado\u00a0informaci\u00f3n, formaci\u00f3n, asesoramiento y el soporte necesario a los participantes para la promoci\u00f3n mediante las TIC del evento y de las empresas participantes. Elaboraci\u00f3n de presentaciones, d\u00edpticos informativos biling\u00fces, creaci\u00f3n de perfiles en redes sociales y digitalizaci\u00f3n empresarial para la puesta en marcha de tiendas online, han sido algunas de las actividades realizadas durante el a\u00f1o enmarcadas en esta iniciativa.<\/p>\n<p><a href=\"http:\/\/granadacostanacional.es\/wp-content\/uploads\/2017\/03\/viaje-hermanamiento-2014-65.jpg\"><img decoding=\"async\" loading=\"lazy\" class=\"alignnone wp-image-10650\" src=\"http:\/\/granadacostanacional.es\/wp-content\/uploads\/2017\/03\/viaje-hermanamiento-2014-65-300x225.jpg\" alt=\"viaje-hermanamiento-2014-65\" width=\"494\" height=\"371\" \/><\/a><\/p>\n","protected":false},"excerpt":{"rendered":"<p>20 empresarios y representantes de asociaciones locales de El Valle promocionar\u00e1n sus valores tur\u00edsticos, culturales y gastron\u00f3micos. El pr\u00f3ximo domingo&hellip;<\/p>\n","protected":false},"author":2,"featured_media":10647,"comment_status":"open","ping_status":"open","sticky":false,"template":"","format":"standard","meta":{"om_disable_all_campaigns":false,"_mi_skip_tracking":false,"_monsterinsights_sitenote_active":false,"_monsterinsights_sitenote_note":"","_monsterinsights_sitenote_category":0,"footnotes":""},"categories":[22],"tags":[],"aioseo_notices":[],"_links":{"self":[{"href":"https:\/\/granadacostaglobal.es\/index.php?rest_route=\/wp\/v2\/posts\/10646"}],"collection":[{"href":"https:\/\/granadacostaglobal.es\/index.php?rest_route=\/wp\/v2\/posts"}],"about":[{"href":"https:\/\/granadacostaglobal.es\/index.php?rest_route=\/wp\/v2\/types\/post"}],"author":[{"embeddable":true,"href":"https:\/\/granadacostaglobal.es\/index.php?rest_route=\/wp\/v2\/users\/2"}],"replies":[{"embeddable":true,"href":"https:\/\/granadacostaglobal.es\/index.php?rest_route=%2Fwp%2Fv2%2Fcomments&post=10646"}],"version-history":[{"count":0,"href":"https:\/\/granadacostaglobal.es\/index.php?rest_route=\/wp\/v2\/posts\/10646\/revisions"}],"wp:featuredmedia":[{"embeddable":true,"href":"https:\/\/granadacostaglobal.es\/index.php?rest_route=\/"}],"wp:attachment":[{"href":"https:\/\/granadacostaglobal.es\/index.php?rest_route=%2Fwp%2Fv2%2Fmedia&parent=10646"}],"wp:term":[{"taxonomy":"category","embeddable":true,"href":"https:\/\/granadacostaglobal.es\/index.php?rest_route=%2Fwp%2Fv2%2Fcategories&post=10646"},{"taxonomy":"post_tag","embeddable":true,"href":"https:\/\/granadacostaglobal.es\/index.php?rest_route=%2Fwp%2Fv2%2Ftags&post=10646"}],"curies":[{"name":"wp","href":"https:\/\/api.w.org\/{rel}","templated":true}]}}