{"id":10618,"date":"2017-03-09T16:23:19","date_gmt":"2017-03-09T16:23:19","guid":{"rendered":"http:\/\/granadacostanacional.es\/?p=10618"},"modified":"2017-03-09T16:23:19","modified_gmt":"2017-03-09T16:23:19","slug":"la-casa-de-andalucia-de-lleida-presenta-el-duodecimo-certamen-internacional-de-poesia-el-balcon-poetico-andaluz","status":"publish","type":"post","link":"https:\/\/granadacostaglobal.es\/?p=10618","title":{"rendered":"La Casa de Andaluc\u00eda de Lleida presenta el Duod\u00e9cimo Certamen Internacional de Poes\u00eda. EL BALC\u00d3N PO\u00c9TICO ANDALUZ"},"content":{"rendered":"<p><a href=\"http:\/\/granadacostanacional.es\/wp-content\/uploads\/2017\/03\/CARTELL-Entrega-de-Premios-Certamen-Poes\u00eda.jpg\"><img decoding=\"async\" loading=\"lazy\" class=\"alignnone  wp-image-10619\" src=\"http:\/\/granadacostanacional.es\/wp-content\/uploads\/2017\/03\/CARTELL-Entrega-de-Premios-Certamen-Poes\u00eda-208x300.jpg\" alt=\"Sin t\u00edtulo-1\" width=\"498\" height=\"719\" \/><\/a><\/p>\n","protected":false},"excerpt":{"rendered":"","protected":false},"author":2,"featured_media":10620,"comment_status":"open","ping_status":"open","sticky":false,"template":"","format":"standard","meta":{"om_disable_all_campaigns":false,"_mi_skip_tracking":false,"_monsterinsights_sitenote_active":false,"_monsterinsights_sitenote_note":"","_monsterinsights_sitenote_category":0,"footnotes":""},"categories":[21,22],"tags":[],"aioseo_notices":[],"_links":{"self":[{"href":"https:\/\/granadacostaglobal.es\/index.php?rest_route=\/wp\/v2\/posts\/10618"}],"collection":[{"href":"https:\/\/granadacostaglobal.es\/index.php?rest_route=\/wp\/v2\/posts"}],"about":[{"href":"https:\/\/granadacostaglobal.es\/index.php?rest_route=\/wp\/v2\/types\/post"}],"author":[{"embeddable":true,"href":"https:\/\/granadacostaglobal.es\/index.php?rest_route=\/wp\/v2\/users\/2"}],"replies":[{"embeddable":true,"href":"https:\/\/granadacostaglobal.es\/index.php?rest_route=%2Fwp%2Fv2%2Fcomments&post=10618"}],"version-history":[{"count":0,"href":"https:\/\/granadacostaglobal.es\/index.php?rest_route=\/wp\/v2\/posts\/10618\/revisions"}],"wp:featuredmedia":[{"embeddable":true,"href":"https:\/\/granadacostaglobal.es\/index.php?rest_route=\/"}],"wp:attachment":[{"href":"https:\/\/granadacostaglobal.es\/index.php?rest_route=%2Fwp%2Fv2%2Fmedia&parent=10618"}],"wp:term":[{"taxonomy":"category","embeddable":true,"href":"https:\/\/granadacostaglobal.es\/index.php?rest_route=%2Fwp%2Fv2%2Fcategories&post=10618"},{"taxonomy":"post_tag","embeddable":true,"href":"https:\/\/granadacostaglobal.es\/index.php?rest_route=%2Fwp%2Fv2%2Ftags&post=10618"}],"curies":[{"name":"wp","href":"https:\/\/api.w.org\/{rel}","templated":true}]}}