{"id":10410,"date":"2017-03-02T17:15:13","date_gmt":"2017-03-02T17:15:13","guid":{"rendered":"http:\/\/granadacostanacional.es\/?p=10410"},"modified":"2017-03-02T17:15:13","modified_gmt":"2017-03-02T17:15:13","slug":"durcal-presenta-a-otros-12-guadalinfo-de-granada-una-app-que-acerca-administracion-ciudadanos-y-empresas","status":"publish","type":"post","link":"https:\/\/granadacostaglobal.es\/?p=10410","title":{"rendered":"D\u00farcal presenta a otros 12 Guadalinfo de Granada una app que acerca administraci\u00f3n, ciudadanos y empresas"},"content":{"rendered":"<h4><strong>Dise\u00f1ada por un usuario de D\u00farcal que la present\u00f3 a Agentes Guadalinfo de Albolote, V\u00e9lez de Benaudalla, Nig\u00fcelas, Deifontes, Colomera, P\u00ed\u00f1ar, Dehesas Viejas, Hu\u00e9scar, B\u00e1cor-Olivar, y los CAPI Las Cuevas Baza y la Chana (Granada).<\/strong><\/h4>\n<p style=\"text-align: justify;\">12 Agentes de Innovaci\u00f3n Local de centros Guadalinfo de Granada, 8 \u00a0de ellos con formaci\u00f3n espec\u00edfica en Smart Cities dentro de la nueva l\u00ednea de trabajo de Guadalinfo, han mantenidoen D\u00farcal un \u00a0encuentro de trabajo en el que pudieron conocer una nueva app creada por un usuario con el apoyo y asesoramiento del centro de esa localidad, que facilita la comunicaci\u00f3n a tiempo real entre ciudadanos, administraci\u00f3n y empresas locales.<\/p>\n<p style=\"text-align: justify;\">La Red Guadalinfo que naci\u00f3 para reducir la brecha digital, encara entre sus retos de futuro evitar que se abra una nueva en el campo de las Smart Cities, porque la Andaluc\u00eda rural tambi\u00e9n puede ser Smart. Por ello, el Plan Estrat\u00e9gico de la Red Guadalinfo 2016-2020 incluye entre sus l\u00edneas de actuaci\u00f3n, trabajar en el campo de las Smart Cities en el marco de la estrategia Andaluc\u00eda Smart, dise\u00f1ada por la Junta de Andaluc\u00eda para impulsar el desarrollo inteligente de las ciudades y municipios andaluces.<\/p>\n<p style=\"text-align: justify;\">Los 12 AIL participantes en el encuentro de D\u00farcal pudieron conocer el funcionamiento y aplicaciones de Conect2u, app m\u00f3vil \u00a0y web, gratuita y disponible en<a href=\"https:\/\/play.google.com\/store\/apps\/details?id=com.conect2u.c2u&amp;hl=es\">\u00a0Google Play\u00a0<\/a>que\u00a0<a href=\"https:\/\/play.google.com\/store\/apps\/details?id=com.conect2u.c2u&amp;hl=es\">p<\/a>resentada por su promotor.\u00a0 Los AIL, pieza clave en la conexi\u00f3n de dichos colectivos y entidades, contribuir\u00e1n a su difusi\u00f3n en sus respectivos municipios d\u00e1ndola a conocer a usuarios, ayuntamiento y negocios locales.<\/p>\n<p style=\"text-align: justify;\">Conect2U ya en funcionamiento en colaboraci\u00f3n con los ayuntamientos de D\u00farcal y Padul, hace posible acceder de\u00a0una forma m\u00e1s sencilla, rigurosa y r\u00e1pida de tener a mano toda la informaci\u00f3n de una zona, con el prop\u00f3sito de involucrar a los ciudadanos para saber cu\u00e1les son sus necesidades; colaborar con las empresas para desarrollar el tejido empresarial, su innovaci\u00f3n y competitividad; mostrar a los ciudadanos lo que se est\u00e1 haciendo la administraci\u00f3n; y compartir datos de diferentes de \u00e1reas para impulsar la eficiencia y la productividad.<\/p>\n<p style=\"text-align: justify;\">Una nueva forma de comunicaci\u00f3n a tiempo real entre el ciudadano, la administraci\u00f3n y el comercio local, que facilita la participaci\u00f3n de una manera r\u00e1pida, efectiva y directa posible. Un espacio, distinto a una red social, donde consultar las diversas publicaciones e informaci\u00f3n de inter\u00e9s de los municipios de una comarca.<\/p>\n<p style=\"text-align: justify;\">La Red Guadalinfo tiene la misi\u00f3n de\u00a0difundir, informar, formar y capacitar a los ciudadanos y administraciones locales\u00a0buscando estimular la ideaci\u00f3n y, en su caso, la puesta en marcha de proyectos e iniciativas que contribuyan al desarrollo inteligente en zonas rurales. La red de centros\u00a0es una herramienta fundamental tanto en la definici\u00f3n y desarrollo de estas iniciativas como para garantizar el acceso ciudadano a los servicios p\u00fablicos\u00a0a trav\u00e9s de la tecnolog\u00eda y su capacitaci\u00f3n para tal fin.<\/p>\n<p style=\"text-align: justify;\">En este proceso, los AIL persiguen que los ciudadanos sean un\u00a0elemento activo en el desarrollo de la estrategia smart de su municipio y regi\u00f3n, de forma que sus\u00a0necesidades, visi\u00f3n y opini\u00f3n sean tenidas en cuenta a la hora del desarrollo e implantaci\u00f3n de soluciones tecnol\u00f3gicas que satisfagan sus necesidades.<\/p>\n","protected":false},"excerpt":{"rendered":"<p>Dise\u00f1ada por un usuario de D\u00farcal que la present\u00f3 a Agentes Guadalinfo de Albolote, V\u00e9lez de Benaudalla, Nig\u00fcelas, Deifontes, Colomera,&hellip;<\/p>\n","protected":false},"author":2,"featured_media":10412,"comment_status":"open","ping_status":"open","sticky":false,"template":"","format":"standard","meta":{"om_disable_all_campaigns":false,"_mi_skip_tracking":false,"_monsterinsights_sitenote_active":false,"_monsterinsights_sitenote_note":"","_monsterinsights_sitenote_category":0,"footnotes":""},"categories":[22],"tags":[],"aioseo_notices":[],"_links":{"self":[{"href":"https:\/\/granadacostaglobal.es\/index.php?rest_route=\/wp\/v2\/posts\/10410"}],"collection":[{"href":"https:\/\/granadacostaglobal.es\/index.php?rest_route=\/wp\/v2\/posts"}],"about":[{"href":"https:\/\/granadacostaglobal.es\/index.php?rest_route=\/wp\/v2\/types\/post"}],"author":[{"embeddable":true,"href":"https:\/\/granadacostaglobal.es\/index.php?rest_route=\/wp\/v2\/users\/2"}],"replies":[{"embeddable":true,"href":"https:\/\/granadacostaglobal.es\/index.php?rest_route=%2Fwp%2Fv2%2Fcomments&post=10410"}],"version-history":[{"count":0,"href":"https:\/\/granadacostaglobal.es\/index.php?rest_route=\/wp\/v2\/posts\/10410\/revisions"}],"wp:featuredmedia":[{"embeddable":true,"href":"https:\/\/granadacostaglobal.es\/index.php?rest_route=\/"}],"wp:attachment":[{"href":"https:\/\/granadacostaglobal.es\/index.php?rest_route=%2Fwp%2Fv2%2Fmedia&parent=10410"}],"wp:term":[{"taxonomy":"category","embeddable":true,"href":"https:\/\/granadacostaglobal.es\/index.php?rest_route=%2Fwp%2Fv2%2Fcategories&post=10410"},{"taxonomy":"post_tag","embeddable":true,"href":"https:\/\/granadacostaglobal.es\/index.php?rest_route=%2Fwp%2Fv2%2Ftags&post=10410"}],"curies":[{"name":"wp","href":"https:\/\/api.w.org\/{rel}","templated":true}]}}