{"id":10408,"date":"2017-03-02T17:12:10","date_gmt":"2017-03-02T17:12:10","guid":{"rendered":"http:\/\/granadacostanacional.es\/?p=10408"},"modified":"2017-03-02T17:12:10","modified_gmt":"2017-03-02T17:12:10","slug":"ciudadanos-pide-al-ministerio-de-interior-la-devolucion-al-ayuntamiento-de-motril-de-la-titularidad-de-la-antigua-comisaria-de-la-rambla-de-capuchinos","status":"publish","type":"post","link":"https:\/\/granadacostaglobal.es\/?p=10408","title":{"rendered":"Ciudadanos pide al Ministerio de Interior la devoluci\u00f3n al Ayuntamiento de Motril de la titularidad de la antigua comisar\u00eda de la Rambla de Capuchinos"},"content":{"rendered":"<h4 style=\"margin-bottom: .0001pt;\"><b><span style=\"font-family: 'Arial',sans-serif; color: #ff9900;\">\u201cEntendemos que no se puede mercantilizar con un edificio que fue cedido al Ministerio por el Ayuntamiento para una finalidad concreta que concluy\u00f3 en 2007 con el traslado a la nueva comisar\u00eda de la ronda del Mediod\u00eda\u201d<\/span><\/b><span style=\"font-family: 'Arial',sans-serif; color: #ff9900;\">, asegura el diputado de Cs en el Congreso por Granada, Luis Salvador<\/span><\/h4>\n<p style=\"margin-bottom: 0.0001pt; text-align: justify;\"><span style=\"font-family: 'Arial',sans-serif;\">El diputado del grupo parlamentario de Ciudadanos en el Congreso por Granada, Luis Salvador, ha pedido al Ministerio de Interior la devoluci\u00f3n al Ayuntamiento de Motril de la titularidad de la antigua comisar\u00eda de la Rambla de Capuchinos. As\u00ed lo ha reivindicado en las Cortes el diputado, quien considera que este espacio, que fue cedido a su vez en 1965 por el consistorio de la ciudad al Gobierno central para albergar la anterior comisar\u00eda de Polic\u00eda Nacional, podr\u00eda ser utilizado como centro social para el barrio del Este de Motril, centro de d\u00eda para los mayores del barrio o sede para las asociaciones y actividades sociales de los vecinos de la zona, tal y como ellos mismos han demandado en numerosas ocasiones. <\/span><\/p>\n<p style=\"margin-bottom: 0.0001pt; text-align: justify;\"><b><span style=\"font-family: 'Arial',sans-serif;\">\u201cEntendemos que no se puede mercantilizar con un edificio que fue cedido al Ministerio por el Ayuntamiento para una finalidad concreta que concluy\u00f3 en 2007 con el traslado a la nueva comisar\u00eda de la ronda del Mediod\u00eda\u201d<\/span><\/b><span style=\"font-family: 'Arial',sans-serif;\">, ha apuntado Salvador, quien ha formulado una pregunta en las Cortes para respuesta por escrito para conocer la voluntad del Ministerio para llevar a cabo la transmisi\u00f3n de la titularidad del espacio y los plazos temporales con los que se maneja para ello. <\/span><\/p>\n<p style=\"margin-bottom: 0.0001pt; text-align: justify;\"><span style=\"font-family: 'Arial',sans-serif;\">Seg\u00fan ha recordado el diputado, conseguir que el Estado ceda la vetusta instalaci\u00f3n de comisar\u00eda al Ayuntamiento de Motril es una larga reivindicaci\u00f3n de la ciudad desde que se llev\u00f3 a cabo el traslado a las nuevas dependencias policiales, un espacio diez veces mayor y m\u00e1s adecuado a las necesidades de funcionamiento que requer\u00eda el cuerpo. Ya por aquel entonces, ha a\u00f1adido Salvador, el delegado del Gobierno en Andaluc\u00eda, Antonio Sanz, declar\u00f3 que el edificio deb\u00eda haber revertido en manos del pueblo, pero que quien gobernaba en ese tiempo no firm\u00f3 una cl\u00e1usula que as\u00ed lo reflejase. <b>\u201cMientras se realizaban esas declaraciones, el Ministerio de Interior tasaba en 700.000 euros el inmueble, algo que l\u00f3gicamente el Consistorio de Motril rechaz\u00f3\u201d<\/b>, ha aseverado. <\/span><\/p>\n<p style=\"margin-bottom: 0.0001pt; text-align: justify;\"><span style=\"font-family: 'Arial',sans-serif;\">Salvador ha expuesto que posteriormente, en plena campa\u00f1a electoral, fue tambi\u00e9n Antonio Sanz quien en nombre del PP anunci\u00f3 la devoluci\u00f3n del uso del edificio a titularidad municipal; sin lugar a dudas <b>\u201cun espejismo\u201d<\/b>, dado que el Ayuntamiento recibi\u00f3 una notificaci\u00f3n de Interior comunicando su intenci\u00f3n de no devolver el antiguo edificio de la comisar\u00eda. <\/span><\/p>\n<p style=\"margin-bottom: 0.0001pt; text-align: justify;\"><a name=\"m_6121449305517489830__GoBack\"><\/a><span style=\"font-family: 'Arial',sans-serif;\">El diputado ha apelado al sentido de la responsabilidad del Ministerio con Motril para que ejecute la devoluci\u00f3n de la titularidad del edificio y ha resaltado los m\u00faltiples usos para los que se podr\u00edan destinar sus instalaciones a beneficio de todo un barrio y de una ciudad.<\/span><\/p>\n","protected":false},"excerpt":{"rendered":"<p>\u201cEntendemos que no se puede mercantilizar con un edificio que fue cedido al Ministerio por el Ayuntamiento para una finalidad&hellip;<\/p>\n","protected":false},"author":2,"featured_media":10409,"comment_status":"open","ping_status":"open","sticky":false,"template":"","format":"standard","meta":{"om_disable_all_campaigns":false,"_mi_skip_tracking":false,"_monsterinsights_sitenote_active":false,"_monsterinsights_sitenote_note":"","_monsterinsights_sitenote_category":0,"footnotes":""},"categories":[22],"tags":[],"aioseo_notices":[],"_links":{"self":[{"href":"https:\/\/granadacostaglobal.es\/index.php?rest_route=\/wp\/v2\/posts\/10408"}],"collection":[{"href":"https:\/\/granadacostaglobal.es\/index.php?rest_route=\/wp\/v2\/posts"}],"about":[{"href":"https:\/\/granadacostaglobal.es\/index.php?rest_route=\/wp\/v2\/types\/post"}],"author":[{"embeddable":true,"href":"https:\/\/granadacostaglobal.es\/index.php?rest_route=\/wp\/v2\/users\/2"}],"replies":[{"embeddable":true,"href":"https:\/\/granadacostaglobal.es\/index.php?rest_route=%2Fwp%2Fv2%2Fcomments&post=10408"}],"version-history":[{"count":0,"href":"https:\/\/granadacostaglobal.es\/index.php?rest_route=\/wp\/v2\/posts\/10408\/revisions"}],"wp:featuredmedia":[{"embeddable":true,"href":"https:\/\/granadacostaglobal.es\/index.php?rest_route=\/"}],"wp:attachment":[{"href":"https:\/\/granadacostaglobal.es\/index.php?rest_route=%2Fwp%2Fv2%2Fmedia&parent=10408"}],"wp:term":[{"taxonomy":"category","embeddable":true,"href":"https:\/\/granadacostaglobal.es\/index.php?rest_route=%2Fwp%2Fv2%2Fcategories&post=10408"},{"taxonomy":"post_tag","embeddable":true,"href":"https:\/\/granadacostaglobal.es\/index.php?rest_route=%2Fwp%2Fv2%2Ftags&post=10408"}],"curies":[{"name":"wp","href":"https:\/\/api.w.org\/{rel}","templated":true}]}}