{"id":10270,"date":"2017-02-20T08:28:20","date_gmt":"2017-02-20T08:28:20","guid":{"rendered":"http:\/\/granadacostanacional.es\/?p=10270"},"modified":"2017-02-20T08:28:20","modified_gmt":"2017-02-20T08:28:20","slug":"encuentro-cultural-alma-poetica","status":"publish","type":"post","link":"https:\/\/granadacostaglobal.es\/?p=10270","title":{"rendered":"ENCUENTRO CULTURAL \u201cALMA PO\u00c9TICA\u201d"},"content":{"rendered":"<p style=\"text-align: justify;\">El d\u00eda 16 de Febrero hemos tenido un encuentro po\u00e9tico en Torremolinos de una gran profesionalidad y compa\u00f1erismo Cultural, donde se ha recitado, cantado y se han escuchado rapsodas, D. Ricardo del Pino, que nos dej\u00f3 a todos perplejos, pudiendo comprobar lo que es capaz de encerrar un cerebro con memoria incalculable. Nos recit\u00f3 <em>Los motivos del Lobo<\/em> de Rub\u00e9n Dar\u00edo entre otras, fue espectacular y nos puso los pelos como escarpias.<\/p>\n<p style=\"text-align: justify;\">Tambi\u00e9n recitaron Agustina R\u00edos, Manoli Borrego, Manuel N\u00fa\u00f1ez tambi\u00e9n rapsoda, Victoria Mart\u00edn escritora y poeta, todos con varios libros en su haber. No me canso de dar las gracias a todos por su dedicaci\u00f3n en esta tarde tan llena de emociones, donde el p\u00fablico se volc\u00f3 con grandes aplausos y de un alto aprecio. Tambi\u00e9n vimos un gran compa\u00f1erismo entre todos y cada uno en su estilo literario.<\/p>\n<p style=\"text-align: justify;\">Tambi\u00e9n tuvimos un magn\u00edfico evento de una poeta cantante, Conchi Ba\u00f1asco, que nos deleit\u00f3 con canciones a pelo y letra suya con finura y elegancia.<\/p>\n<p style=\"text-align: justify;\">Carmina Mart\u00ednez Remis y Soledad Durnes Casa\u00f1al fueron las anfitrionas de dicho evento que dur\u00f3 hora y media aproximadamente y son las creadoras de este encuentro que si Dios nos lo permite lo haremos una vez al mes, dando cabida a todos los poetas, artistas y rapsodas que quieran pasar con nosotras una tarde agradable dentro de \u201cALMA PO\u00c9TICA\u201d.<\/p>\n<p style=\"text-align: justify;\">Desde estas p\u00e1ginas de Granada Costa, de la que soy corresponsal por M\u00e1laga, os felicito a todos y todas por poner un granito por la Cultura y por lo bien que hab\u00e9is desarrollado vuestra destreza en cada faceta. Gracias tambi\u00e9n a ITACA por brindarnos su local para desarrollar dicho encuentro.<\/p>\n<p style=\"text-align: justify;\">Hasta el pr\u00f3ximo que ser\u00e1 en Marzo, gracias de nuevo y tendremos cita con la biograf\u00eda de un escritor, el de este mes ha sido D. Ram\u00f3n de Campoamor con un peque\u00f1o verso que dice:<\/p>\n<p style=\"text-align: center;\">Siempre por causa de ti<\/p>\n<p style=\"text-align: center;\">la amada soledad pierdo;<\/p>\n<p style=\"text-align: center;\">pues, me sigue aqu\u00ed y all\u00e1<\/p>\n<p style=\"text-align: center;\">tu nombre, fuera de m\u00ed;<\/p>\n<p style=\"text-align: center;\">dentro de m\u00ed, tu recuerdo.<\/p>\n<p style=\"text-align: left;\"><a href=\"http:\/\/granadacostanacional.es\/wp-content\/uploads\/2017\/02\/IMG-20170219-WA0019.jpg\"><img decoding=\"async\" loading=\"lazy\" class=\"wp-image-10272 alignnone\" src=\"http:\/\/granadacostanacional.es\/wp-content\/uploads\/2017\/02\/IMG-20170219-WA0019-300x169.jpg\" alt=\"IMG-20170219-WA0019\" width=\"454\" height=\"256\" \/><\/a> <a href=\"http:\/\/granadacostanacional.es\/wp-content\/uploads\/2017\/02\/IMG-20170219-WA0017.jpg\"><img decoding=\"async\" loading=\"lazy\" class=\"wp-image-10273 alignnone\" src=\"http:\/\/granadacostanacional.es\/wp-content\/uploads\/2017\/02\/IMG-20170219-WA0017-300x169.jpg\" alt=\"IMG-20170219-WA0017\" width=\"460\" height=\"259\" \/><\/a><\/p>\n<p style=\"text-align: left;\"><a href=\"http:\/\/granadacostanacional.es\/wp-content\/uploads\/2017\/02\/IMG-20170219-WA0020.jpg\"><img decoding=\"async\" loading=\"lazy\" class=\" wp-image-10280 alignnone\" src=\"http:\/\/granadacostanacional.es\/wp-content\/uploads\/2017\/02\/IMG-20170219-WA0020-300x169.jpg\" alt=\"IMG-20170219-WA0020\" width=\"382\" height=\"215\" \/><\/a><a href=\"http:\/\/granadacostanacional.es\/wp-content\/uploads\/2017\/02\/IMG-20170219-WA0018.jpg\"><img decoding=\"async\" loading=\"lazy\" class=\" wp-image-10279 alignnone\" src=\"http:\/\/granadacostanacional.es\/wp-content\/uploads\/2017\/02\/IMG-20170219-WA0018-300x169.jpg\" alt=\"IMG-20170219-WA0018\" width=\"383\" height=\"216\" \/><\/a><\/p>\n<p style=\"text-align: left;\"><a href=\"http:\/\/granadacostanacional.es\/wp-content\/uploads\/2017\/02\/IMG-20170219-WA0015.jpg\"><img decoding=\"async\" loading=\"lazy\" class=\"wp-image-10278 alignnone\" src=\"http:\/\/granadacostanacional.es\/wp-content\/uploads\/2017\/02\/IMG-20170219-WA0015-300x169.jpg\" alt=\"IMG-20170219-WA0015\" width=\"378\" height=\"213\" \/><\/a> <a href=\"http:\/\/granadacostanacional.es\/wp-content\/uploads\/2017\/02\/IMG-20170219-WA0014.jpg\"><img decoding=\"async\" loading=\"lazy\" class=\"wp-image-10277 alignnone\" src=\"http:\/\/granadacostanacional.es\/wp-content\/uploads\/2017\/02\/IMG-20170219-WA0014-300x169.jpg\" alt=\"IMG-20170219-WA0014\" width=\"389\" height=\"219\" \/><\/a><\/p>\n<p style=\"text-align: left;\"><a href=\"http:\/\/granadacostanacional.es\/wp-content\/uploads\/2017\/02\/IMG-20170219-WA0013.jpg\"><img decoding=\"async\" loading=\"lazy\" class=\"wp-image-10276 alignnone\" src=\"http:\/\/granadacostanacional.es\/wp-content\/uploads\/2017\/02\/IMG-20170219-WA0013-300x169.jpg\" alt=\"IMG-20170219-WA0013\" width=\"383\" height=\"216\" \/><\/a><a href=\"http:\/\/granadacostanacional.es\/wp-content\/uploads\/2017\/02\/IMG-20170219-WA0021.jpg\"><img decoding=\"async\" loading=\"lazy\" class=\"wp-image-10274 alignnone\" src=\"http:\/\/granadacostanacional.es\/wp-content\/uploads\/2017\/02\/IMG-20170219-WA0021-300x169.jpg\" alt=\"IMG-20170219-WA0021\" width=\"396\" height=\"223\" \/><\/a><\/p>\n<p style=\"text-align: left;\"><a href=\"http:\/\/granadacostanacional.es\/wp-content\/uploads\/2017\/02\/IMG-20170219-WA0012.jpg\"><img decoding=\"async\" loading=\"lazy\" class=\"wp-image-10275 alignnone\" src=\"http:\/\/granadacostanacional.es\/wp-content\/uploads\/2017\/02\/IMG-20170219-WA0012-169x300.jpg\" alt=\"IMG-20170219-WA0012\" width=\"197\" height=\"350\" \/><\/a><\/p>\n<p style=\"text-align: right;\"><em><strong>Soledad Durnes Casa\u00f1al<\/strong><\/em><\/p>\n","protected":false},"excerpt":{"rendered":"<p>El d\u00eda 16 de Febrero hemos tenido un encuentro po\u00e9tico en Torremolinos de una gran profesionalidad y compa\u00f1erismo Cultural, donde&hellip;<\/p>\n","protected":false},"author":2,"featured_media":10271,"comment_status":"open","ping_status":"open","sticky":false,"template":"","format":"standard","meta":{"om_disable_all_campaigns":false,"_mi_skip_tracking":false,"_monsterinsights_sitenote_active":false,"_monsterinsights_sitenote_note":"","_monsterinsights_sitenote_category":0,"footnotes":""},"categories":[21],"tags":[],"aioseo_notices":[],"_links":{"self":[{"href":"https:\/\/granadacostaglobal.es\/index.php?rest_route=\/wp\/v2\/posts\/10270"}],"collection":[{"href":"https:\/\/granadacostaglobal.es\/index.php?rest_route=\/wp\/v2\/posts"}],"about":[{"href":"https:\/\/granadacostaglobal.es\/index.php?rest_route=\/wp\/v2\/types\/post"}],"author":[{"embeddable":true,"href":"https:\/\/granadacostaglobal.es\/index.php?rest_route=\/wp\/v2\/users\/2"}],"replies":[{"embeddable":true,"href":"https:\/\/granadacostaglobal.es\/index.php?rest_route=%2Fwp%2Fv2%2Fcomments&post=10270"}],"version-history":[{"count":0,"href":"https:\/\/granadacostaglobal.es\/index.php?rest_route=\/wp\/v2\/posts\/10270\/revisions"}],"wp:featuredmedia":[{"embeddable":true,"href":"https:\/\/granadacostaglobal.es\/index.php?rest_route=\/"}],"wp:attachment":[{"href":"https:\/\/granadacostaglobal.es\/index.php?rest_route=%2Fwp%2Fv2%2Fmedia&parent=10270"}],"wp:term":[{"taxonomy":"category","embeddable":true,"href":"https:\/\/granadacostaglobal.es\/index.php?rest_route=%2Fwp%2Fv2%2Fcategories&post=10270"},{"taxonomy":"post_tag","embeddable":true,"href":"https:\/\/granadacostaglobal.es\/index.php?rest_route=%2Fwp%2Fv2%2Ftags&post=10270"}],"curies":[{"name":"wp","href":"https:\/\/api.w.org\/{rel}","templated":true}]}}