{"id":10240,"date":"2017-02-16T12:55:19","date_gmt":"2017-02-16T12:55:19","guid":{"rendered":"http:\/\/granadacostanacional.es\/?p=10240"},"modified":"2017-02-16T12:55:19","modified_gmt":"2017-02-16T12:55:19","slug":"presentacion-del-libro-bailando-con-la-vida-de-antonia-navarrete-lebrato-en-carmona-sevilla","status":"publish","type":"post","link":"https:\/\/granadacostaglobal.es\/?p=10240","title":{"rendered":"PRESENTACI\u00d3N DEL LIBRO  \u201cBAILANDO CON LA VIDA\u201d DE ANTONIA NAVARRETE LEBRATO EN CARMONA (SEVILLA)"},"content":{"rendered":"<p style=\"text-align: justify;\">El pasado 13 de febrero, organizado por la junta local de la Asociaci\u00f3n Espa\u00f1ola contra el C\u00e1ncer\u00a0 de Carmona (AECC), con la colaboraci\u00f3n\u00a0 de AFICAR(Asociaci\u00f3n de Fibromialgia) y de la Plataforma de Fibromialgia, tuvo lugar el\u00a0 recital de poes\u00eda solidaria a cargo de la poetisa Do\u00f1a Antonia Navarrete Lebrato, con la presentaci\u00f3n de su libro: \u201cBAILANDO CON LA VIDA\u201d.<\/p>\n<p style=\"text-align: justify;\">El acto fue presentado por Do\u00f1a Mar\u00eda de Gracia Cortazar, presidenta de la AECC, y Don Francisco Conde de la Asociaci\u00f3n del Voluntariado, ambos de\u00a0 Carmona.<\/p>\n<p style=\"text-align: justify;\">Sus versos, llenos de emoci\u00f3n y esperanza, llegaron al numeroso p\u00fablico asistente en los salones de AFICAR en la sede de los Servicios Sociales de Carmona, y consiguieron lo que todo poeta persigue y quiere alcanzar: que sus palabras hechas verso lleguen al coraz\u00f3n de las personas, que las hagan suyas para que les den la fuerza y el apoyo que necesitan para luchar contras la adversidad, la enfermedad y el sufrimiento, y ver c\u00f3mo, a los que escuchan, se les llenan los ojos de l\u00e1grimas de emoci\u00f3n por sentir su poes\u00eda.<\/p>\n<p style=\"text-align: justify;\">Fue un recital de sentimientos\u00a0 hacia el amor y la vida, hacia lo m\u00e1s profundo del coraz\u00f3n; un recital emotivo y aplaudido en cada uno de los poemas, y que dej\u00f3 huella en todos los asistentes, brillando\u00a0 con luz propia al terminar con el poema: DE ANDALUC\u00cdA YO VENGO.<\/p>\n<p><a href=\"http:\/\/granadacostanacional.es\/wp-content\/uploads\/2017\/02\/4aficar.jpg\"><img decoding=\"async\" loading=\"lazy\" class=\" wp-image-10242 alignnone\" src=\"http:\/\/granadacostanacional.es\/wp-content\/uploads\/2017\/02\/4aficar-300x200.jpg\" alt=\"4aficar\" width=\"365\" height=\"243\" \/><\/a> <a href=\"http:\/\/granadacostanacional.es\/wp-content\/uploads\/2017\/02\/1aficar.jpg\"><img decoding=\"async\" loading=\"lazy\" class=\" wp-image-10243 alignnone\" src=\"http:\/\/granadacostanacional.es\/wp-content\/uploads\/2017\/02\/1aficar-300x200.jpg\" alt=\"1aficar\" width=\"355\" height=\"236\" \/><\/a><\/p>\n","protected":false},"excerpt":{"rendered":"<p>El pasado 13 de febrero, organizado por la junta local de la Asociaci\u00f3n Espa\u00f1ola contra el C\u00e1ncer\u00a0 de Carmona (AECC),&hellip;<\/p>\n","protected":false},"author":2,"featured_media":10241,"comment_status":"open","ping_status":"open","sticky":false,"template":"","format":"standard","meta":{"om_disable_all_campaigns":false,"_mi_skip_tracking":false,"_monsterinsights_sitenote_active":false,"_monsterinsights_sitenote_note":"","_monsterinsights_sitenote_category":0,"footnotes":""},"categories":[21],"tags":[],"aioseo_notices":[],"_links":{"self":[{"href":"https:\/\/granadacostaglobal.es\/index.php?rest_route=\/wp\/v2\/posts\/10240"}],"collection":[{"href":"https:\/\/granadacostaglobal.es\/index.php?rest_route=\/wp\/v2\/posts"}],"about":[{"href":"https:\/\/granadacostaglobal.es\/index.php?rest_route=\/wp\/v2\/types\/post"}],"author":[{"embeddable":true,"href":"https:\/\/granadacostaglobal.es\/index.php?rest_route=\/wp\/v2\/users\/2"}],"replies":[{"embeddable":true,"href":"https:\/\/granadacostaglobal.es\/index.php?rest_route=%2Fwp%2Fv2%2Fcomments&post=10240"}],"version-history":[{"count":0,"href":"https:\/\/granadacostaglobal.es\/index.php?rest_route=\/wp\/v2\/posts\/10240\/revisions"}],"wp:featuredmedia":[{"embeddable":true,"href":"https:\/\/granadacostaglobal.es\/index.php?rest_route=\/"}],"wp:attachment":[{"href":"https:\/\/granadacostaglobal.es\/index.php?rest_route=%2Fwp%2Fv2%2Fmedia&parent=10240"}],"wp:term":[{"taxonomy":"category","embeddable":true,"href":"https:\/\/granadacostaglobal.es\/index.php?rest_route=%2Fwp%2Fv2%2Fcategories&post=10240"},{"taxonomy":"post_tag","embeddable":true,"href":"https:\/\/granadacostaglobal.es\/index.php?rest_route=%2Fwp%2Fv2%2Ftags&post=10240"}],"curies":[{"name":"wp","href":"https:\/\/api.w.org\/{rel}","templated":true}]}}