{"id":10228,"date":"2017-02-14T08:29:11","date_gmt":"2017-02-14T08:29:11","guid":{"rendered":"http:\/\/granadacostanacional.es\/?p=10228"},"modified":"2017-02-14T08:29:11","modified_gmt":"2017-02-14T08:29:11","slug":"la-junta-y-los-patronatos-de-turismo-abren-una-nueva-etapa-promocional-del-destino-andalucia-con-el-plan-de-accion-2017","status":"publish","type":"post","link":"https:\/\/granadacostaglobal.es\/?p=10228","title":{"rendered":"La Junta y los patronatos de Turismo abren una nueva etapa promocional del destino Andaluc\u00eda con el Plan de Acci\u00f3n 2017"},"content":{"rendered":"<h4>Fern\u00e1ndez firm\u00f3 el acuerdo para ejecutar esta iniciativa que incorpora una nueva estrategia digital y se orienta a mercados tradicionales y emergentes<\/h4>\n<p style=\"text-align: justify;\">El consejero de Turismo y Deporte, Francisco Javier Fern\u00e1ndez, firm\u00f3 hoy con los ocho Patronatos provinciales de Turismo los convenios para la colaboraci\u00f3n del Plan de Acci\u00f3n 2017, una iniciativa que supone una nueva etapa en la promoci\u00f3n del destino Andaluc\u00eda porque incidir\u00e1 de forma especial en las estrategias de marketing digital e incorpora un importante esfuerzo para actividades de I+D+i.<\/p>\n<p style=\"text-align: justify;\">En un acto celebrado en M\u00e1laga, el consejero indic\u00f3 que Andaluc\u00eda se ha consolidado como un destino destacado a lo largo de los a\u00f1os, tanto en el \u00e1mbito nacional como\u00a0 internacional, aunque advirti\u00f3 que la \u201cinercia no nos mantendr\u00e1 en esta privilegiada posici\u00f3n\u201d, por lo que consider\u00f3 que la comunidad debe seguir reinvent\u00e1ndose a trav\u00e9s de \u201cla calidad, la innovaci\u00f3n y el conocimiento\u201d.<\/p>\n<p style=\"text-align: justify;\">En este sentido, Fern\u00e1ndez record\u00f3 que el nuevo Plan de Acci\u00f3n es el primero que incorpora las orientaciones del Plan Estrat\u00e9gico de Marketing Tur\u00edstico Horizonte 2020, con el que Andaluc\u00eda aspira a alcanzar los 30 millones de visitantes durante su vigencia y a consolidar el sector como motor de creaci\u00f3n de riqueza y empleo. Este documento marca el papel clave de la tecnolog\u00eda y tiene como principales clientes a las pymes.<\/p>\n<p style=\"text-align: justify;\">El consejero valor\u00f3 la \u201ccoordinaci\u00f3n y el trabajo conjunto\u201d de las administraciones para conseguir estos objetivos y precis\u00f3 que, con los convenios firmados hoy, se ponen en marcha una serie de actuaciones que pretenden poner en valor la oferta tur\u00edstica de cada provincia, con un presupuesto de 3,86 millones de euros, de los que dos tercios -unos 2,5 millones- ser\u00e1n aportados por la Junta, y el resto, por los patronatos. La inversi\u00f3n total se distribuye de manera equitativa entre las ocho provincias, de modo que cada una contar\u00e1 con unos 480.000 euros.<\/p>\n<p style=\"text-align: justify;\">Las medidas que integran estos convenios se estructuran en tres niveles. As\u00ed, por un lado, se incluye la participaci\u00f3n conjunta en la Feria Internacional de Turismo (Fitur) de Madrid, cuya inversi\u00f3n asume \u00edntegramente la Consejer\u00eda; por otro lado, las actuaciones especiales, que dise\u00f1a cada patronato en funci\u00f3n de las necesidades de su provincia; y, por \u00faltimo, las acciones inversas para dar a conocer in situ la oferta.<\/p>\n<p style=\"text-align: justify;\"><strong>Cinco continentes<\/strong><\/p>\n<p style=\"text-align: justify;\">El Plan de Acci\u00f3n 2017 incluye en total 550 actuaciones en 50 mercados de cinco continentes dirigidas a 20 segmentos, con especial atenci\u00f3n al marketing digital. As\u00ed, incorpora m\u00e1s de 30 acciones para dispositivos m\u00f3viles, la transformaci\u00f3n del portal www.andalucia.org en una plataforma de servicios y de la comunidad en un Destino Inteligente, y la creaci\u00f3n de un departamento de dise\u00f1o de nuevos productos tur\u00edsticos.<\/p>\n<p style=\"text-align: justify;\">En cuanto a mercados, el emisor nacional se considera de especial relevancia, por lo que cuenta con acciones novedosas y planes espec\u00edficos destinados a captar la atenci\u00f3n de las principales regiones; mientras que en el \u00e1mbito internacional se apostar\u00e1 por los pa\u00edses prioritarios, as\u00ed como por mejorar la posici\u00f3n competitiva de Andaluc\u00eda en aquellos otros que presentan una mayor idoneidad global.<\/p>\n<p style=\"text-align: justify;\">Finalmente, Francisco Javier Fern\u00e1ndez concluy\u00f3 que \u201cla firma de estos convenios incide en la voluntad ineludible de avanzar, de plantear nuevos retos, de llegar m\u00e1s y mejor a nuestros potenciales visitantes y de convertir las buenas cifras tur\u00edsticas actuales en una tendencia estable: consolidarlas, para que nos permitan incrementar los beneficios sociales y econ\u00f3micos de esta actividad a lo largo del a\u00f1o y en el futuro\u201d.<\/p>\n<p style=\"text-align: justify;\">El acto cont\u00f3 con la presencia los presidentes de las diputaciones provinciales de M\u00e1laga, El\u00edas Bendodo; de C\u00e1diz, Irene Garc\u00eda; de C\u00f3rdoba, Antonio Cruz; de Granada, Jos\u00e9 Entrena; de Huelva, Ignacio Caraballo; de Sevilla, Fernando Rodr\u00edguez Villalobos; as\u00ed\u00a0 como de los vicepresidentes de las instituciones supramunicipales de Almer\u00eda, Javier Aureliano Garc\u00eda; y de Ja\u00e9n.<\/p>\n","protected":false},"excerpt":{"rendered":"<p>Fern\u00e1ndez firm\u00f3 el acuerdo para ejecutar esta iniciativa que incorpora una nueva estrategia digital y se orienta a mercados tradicionales&hellip;<\/p>\n","protected":false},"author":2,"featured_media":10229,"comment_status":"open","ping_status":"open","sticky":false,"template":"","format":"standard","meta":{"om_disable_all_campaigns":false,"_mi_skip_tracking":false,"_monsterinsights_sitenote_active":false,"_monsterinsights_sitenote_note":"","_monsterinsights_sitenote_category":0,"footnotes":""},"categories":[22],"tags":[],"aioseo_notices":[],"_links":{"self":[{"href":"https:\/\/granadacostaglobal.es\/index.php?rest_route=\/wp\/v2\/posts\/10228"}],"collection":[{"href":"https:\/\/granadacostaglobal.es\/index.php?rest_route=\/wp\/v2\/posts"}],"about":[{"href":"https:\/\/granadacostaglobal.es\/index.php?rest_route=\/wp\/v2\/types\/post"}],"author":[{"embeddable":true,"href":"https:\/\/granadacostaglobal.es\/index.php?rest_route=\/wp\/v2\/users\/2"}],"replies":[{"embeddable":true,"href":"https:\/\/granadacostaglobal.es\/index.php?rest_route=%2Fwp%2Fv2%2Fcomments&post=10228"}],"version-history":[{"count":0,"href":"https:\/\/granadacostaglobal.es\/index.php?rest_route=\/wp\/v2\/posts\/10228\/revisions"}],"wp:featuredmedia":[{"embeddable":true,"href":"https:\/\/granadacostaglobal.es\/index.php?rest_route=\/"}],"wp:attachment":[{"href":"https:\/\/granadacostaglobal.es\/index.php?rest_route=%2Fwp%2Fv2%2Fmedia&parent=10228"}],"wp:term":[{"taxonomy":"category","embeddable":true,"href":"https:\/\/granadacostaglobal.es\/index.php?rest_route=%2Fwp%2Fv2%2Fcategories&post=10228"},{"taxonomy":"post_tag","embeddable":true,"href":"https:\/\/granadacostaglobal.es\/index.php?rest_route=%2Fwp%2Fv2%2Ftags&post=10228"}],"curies":[{"name":"wp","href":"https:\/\/api.w.org\/{rel}","templated":true}]}}