{"id":10224,"date":"2017-02-14T08:19:16","date_gmt":"2017-02-14T08:19:16","guid":{"rendered":"http:\/\/granadacostanacional.es\/?p=10224"},"modified":"2017-02-14T08:19:16","modified_gmt":"2017-02-14T08:19:16","slug":"empresarios-de-playas-de-andalucia-y-del-mediterraneo-se-reunen-en-torremolinos-en-el-mas-importante-encuentro-gremial-de-espana","status":"publish","type":"post","link":"https:\/\/granadacostaglobal.es\/?p=10224","title":{"rendered":"EMPRESARIOS DE PLAYAS DE ANDALUC\u00cdA Y DEL MEDITERR\u00c1NEO SE RE\u00daNEN EN TORREMOLINOS EN EL M\u00c1S IMPORTANTE ENCUENTRO GREMIAL DE ESPA\u00d1A"},"content":{"rendered":"<h4>El Palacio de Congresos de Torremolinos es sede el viernes, 17 de febrero, de la 41\u00aa EXPOPLAYA<\/h4>\n<p style=\"text-align: justify;\">\u201cReflejar y dar muestra de la competitividad del producto tur\u00edstico de sol y playa\u201d. Conocer, testar e incorporar las \u201cnuevas soluciones eficientes que ayuden a las empresas a modernizarse, mejorar la calidad de sus instalaciones y servicios en un sector tan vital en la influencia sobre la percepci\u00f3n del destino tur\u00edstico\u201d, y como no, analizar el estado de la tramitaci\u00f3n administrativa de las m\u00e1s de 2.000 concesiones y autorizaciones de explotaci\u00f3n de servicios de playas existentes en Andaluc\u00eda, de las que 1.000 corresponden a chiringuitos y quioscos de playa; y el resto a zonas n\u00e1uticas, parcelas de hamacas y zonas deportivas.<\/p>\n<p style=\"text-align: justify;\">Bajo estas tres premisas, el sector de empresarios de playas de Andaluc\u00eda se re\u00fane el <strong>pr\u00f3ximo viernes, 17 de febrero<\/strong>, en el <strong>Palacio de Congresos de Torremolinos en la XLI Exposici\u00f3n de Hosteler\u00eda y Art\u00edculos de Playa \u2018EXPOPLAYA 2017\u2019<\/strong>. <strong>Organizada por la federaciones Andaluza<\/strong> (FAEPLAYAS) <strong>y Espa\u00f1ola<\/strong> (FESEMPLA) <strong>de Empresarios de Playas<\/strong>, esta feria profesional y convenci\u00f3n anual se convierte en <strong>la m\u00e1s importante convocatoria gremial del sector en Espa\u00f1a<\/strong>, a la que est\u00e1n convocados m\u00e1s de 1.000 empresarios de la regi\u00f3n y que se hace coincidir la asamblea general anual de la Asociaci\u00f3n de Empresarios de Playas M\u00e1laga-Costa del Sol (AEPLAYAS)<\/p>\n<p style=\"text-align: justify;\"><a href=\"http:\/\/granadacostanacional.es\/wp-content\/uploads\/2017\/02\/Stand-Sombrillas-EXPOPLAYAS.jpg\"><img decoding=\"async\" loading=\"lazy\" class=\"alignnone  wp-image-10225\" src=\"http:\/\/granadacostanacional.es\/wp-content\/uploads\/2017\/02\/Stand-Sombrillas-EXPOPLAYAS-300x201.jpg\" alt=\"Stand Sombrillas EXPOPLAYAS\" width=\"416\" height=\"279\" \/><\/a><\/p>\n<p style=\"text-align: justify;\">Por cuarto a\u00f1o, los emblemas de las federaciones espa\u00f1ola y europea (EFEBE) tambi\u00e9n se suman a esta convocatoria tras la constituci\u00f3n en 2013 de estas dos organizaciones, y la que acudir\u00e1n, adem\u00e1s, representantes empresariales de Galicia, Catalu\u00f1a, Levante y Mallorca.<\/p>\n<p style=\"text-align: justify;\">Concebido como foro de encuentro de los empresarios del sector, sus empresas proveedoras y representantes de las administraciones p\u00fablicas, \u2018EXPOPLAYA 2017\u2019 analizar\u00e1 en sus <strong>Jornadas T\u00e9cnicas<\/strong> de la ma\u00f1ana el estado de aplicaci\u00f3n del nuevo Reglamento de la Ley de Costas. Lo har\u00e1 de la mano del <strong>consejero de Medio Ambiente y Ordenaci\u00f3n del Territorio de la Junta de Andaluc\u00eda<\/strong>, Jos\u00e9 Fiscal L\u00f3pez.<\/p>\n<p style=\"text-align: justify;\">El<strong> <u>alcalde de Torremolinos, Jos\u00e9 Ortiz, <\/u>acompa\u00f1ado del consejero andaluz y el presidente de las federaciones empresariales convocantes, Norberto del Castillo <u>inaugurar\u00e1 a las 13\u201930 horas \u2018EXPOPLAYA 2017\u2019<\/u><\/strong>, al frente de una amplia representaci\u00f3n empresarial e institucional, tanto nacional como auton\u00f3mica relacionada con el sector tur\u00edstico.<\/p>\n<p style=\"text-align: justify;\">Unas 70 empresas presentar\u00e1n sus productos, servicios y soluciones eficientes para las empresas del sector de \u2018sol y playas\u2019, tanto en instalaciones como equipamientos, abastecimientos y soluciones tecnol\u00f3gicas.<\/p>\n<p><strong>\u00a0<\/strong><\/p>\n","protected":false},"excerpt":{"rendered":"<p>El Palacio de Congresos de Torremolinos es sede el viernes, 17 de febrero, de la 41\u00aa EXPOPLAYA \u201cReflejar y dar&hellip;<\/p>\n","protected":false},"author":2,"featured_media":10226,"comment_status":"open","ping_status":"open","sticky":false,"template":"","format":"standard","meta":{"om_disable_all_campaigns":false,"_mi_skip_tracking":false,"_monsterinsights_sitenote_active":false,"_monsterinsights_sitenote_note":"","_monsterinsights_sitenote_category":0,"footnotes":""},"categories":[22],"tags":[],"aioseo_notices":[],"_links":{"self":[{"href":"https:\/\/granadacostaglobal.es\/index.php?rest_route=\/wp\/v2\/posts\/10224"}],"collection":[{"href":"https:\/\/granadacostaglobal.es\/index.php?rest_route=\/wp\/v2\/posts"}],"about":[{"href":"https:\/\/granadacostaglobal.es\/index.php?rest_route=\/wp\/v2\/types\/post"}],"author":[{"embeddable":true,"href":"https:\/\/granadacostaglobal.es\/index.php?rest_route=\/wp\/v2\/users\/2"}],"replies":[{"embeddable":true,"href":"https:\/\/granadacostaglobal.es\/index.php?rest_route=%2Fwp%2Fv2%2Fcomments&post=10224"}],"version-history":[{"count":0,"href":"https:\/\/granadacostaglobal.es\/index.php?rest_route=\/wp\/v2\/posts\/10224\/revisions"}],"wp:featuredmedia":[{"embeddable":true,"href":"https:\/\/granadacostaglobal.es\/index.php?rest_route=\/"}],"wp:attachment":[{"href":"https:\/\/granadacostaglobal.es\/index.php?rest_route=%2Fwp%2Fv2%2Fmedia&parent=10224"}],"wp:term":[{"taxonomy":"category","embeddable":true,"href":"https:\/\/granadacostaglobal.es\/index.php?rest_route=%2Fwp%2Fv2%2Fcategories&post=10224"},{"taxonomy":"post_tag","embeddable":true,"href":"https:\/\/granadacostaglobal.es\/index.php?rest_route=%2Fwp%2Fv2%2Ftags&post=10224"}],"curies":[{"name":"wp","href":"https:\/\/api.w.org\/{rel}","templated":true}]}}