{"id":10219,"date":"2017-02-14T08:15:23","date_gmt":"2017-02-14T08:15:23","guid":{"rendered":"http:\/\/granadacostanacional.es\/?p=10219"},"modified":"2017-02-14T08:15:23","modified_gmt":"2017-02-14T08:15:23","slug":"luis-salvador-el-puerto-de-motril-es-una-de-las-infraestructuras-clave-para-el-desarrollo-de-todo-el-potencial-de-la-costa-tropical","status":"publish","type":"post","link":"https:\/\/granadacostaglobal.es\/?p=10219","title":{"rendered":"Luis Salvador: &#8220;El Puerto de Motril es una de las infraestructuras clave para el desarrollo de todo el potencial de la Costa Tropical&#8221;"},"content":{"rendered":"<h4 class=\"gmail-cuerpo\">El diputado de Cs en el Congreso por Granada considera que es el momento de que la Costa Tropical se reivindique como <span class=\"gmail-ninguno\"><b>&#8220;la otra gran \u00e1rea metropolitana de la provincia&#8221;<\/b><\/span><\/h4>\n<p style=\"text-align: justify;\"><strong>&#8220;El Puerto de Motril es una de las infraestructuras clave para el desarrollo de todo el potencial de la Costa Tropical. Ahora es el momento en el que se est\u00e1n dando todas las condiciones necesarias para que la Costa se reivindique de una vez por todas como la otra gran \u00e1rea metropolitana de la provincia de Granada&#8221;<\/strong>. As\u00ed lo ha asegurado hoy el diputado del grupo parlamentario de Ciudadanos en el Congreso por Granada, Luis Salvador, quien ha recorrido todas las instalaciones del Puerto de Motril junto a varios representantes de la autoridad portuaria y su presidente, Francisco \u00c1lvarez de la Chica, y acompa\u00f1ados por los diputados de Cs en la Diputaci\u00f3n Provincial de Granada, Ra\u00fal Fern\u00e1ndez y Francisco Rodr\u00edguez R\u00edos, adem\u00e1s de por la coordinadora de la agrupaci\u00f3n de Cs Motril, Lola S\u00e1nchez, y el coordinador de Cs Salobre\u00f1a, Pl\u00e1cido Leyva.<\/p>\n<p style=\"text-align: justify;\">Salvador ha explicado que, por su propia ubicaci\u00f3n estrat\u00e9gica, el Puerto de Motril es un <strong>&#8220;punto clave para el desarrollo econ\u00f3mico de la provincia&#8221;<\/strong> gracias al importante n\u00famero de pasajeros que recibe, el mismo que el Aeropuerto de Granada, adem\u00e1s de por su car\u00e1cter de gran importador y exportador de mercanc\u00edas y acogedor de la flota pesquera. <strong>&#8220;El Puerto tiene todas las cualidades para abanderar el despegue de la Costa granadina, aunque ha sido tradicionalmente el gran olvidado de la provincia&#8221;<\/strong>, ha apuntado el diputado, quien ha compartido con la direcci\u00f3n del Puerto los proyectos de futuro para garantizar la expansi\u00f3n del Puerto y la definici\u00f3n de las l\u00edneas estrat\u00e9gicas sobre pasajeros, mercanc\u00edas y futuros desarrollos l\u00fadicos y deportivos para determinar las l\u00edneas futuras de trabajo.<\/p>\n<p style=\"text-align: justify;\"><a href=\"http:\/\/granadacostanacional.es\/wp-content\/uploads\/2017\/02\/Visita-Puerto-de-Motril-4.jpg\"><img decoding=\"async\" loading=\"lazy\" class=\"alignnone  wp-image-10221\" src=\"http:\/\/granadacostanacional.es\/wp-content\/uploads\/2017\/02\/Visita-Puerto-de-Motril-4-300x200.jpg\" alt=\"Visita Puerto de Motril 4\" width=\"473\" height=\"315\" \/><\/a><\/p>\n<p style=\"text-align: justify;\">El diputado de Cs ha resaltado la necesidad de apostar por la<strong> &#8220;unidad de todos los partidos&#8221;<\/strong> y de <strong>&#8220;llegar a acuerdos&#8221;<\/strong> para garantizar el despegue de la Costa Tropical. En este sentido, ha recordado que su grupo parlamentario ha sido el impulsor de una transaccional en el Congreso que ha definido el proyecto y los plazos para finalizar de una vez por todas los trabajos de las canalizaciones de la Presa de Rules. Asimismo, ha puesto de manifiesto la iniciativa que hace unos d\u00edas llev\u00f3 a las Cortes acerca del necesario aprovechamiento hidroel\u00e9ctrico de la presa que abastecer\u00eda de suministro el\u00e9ctrico a 7.500 familias.<\/p>\n<p style=\"text-align: justify;\">El diputado tambi\u00e9n ha mantenido una reuni\u00f3n con representantes de los estibadores del puerto a petici\u00f3n de ellos dada la problem\u00e1tica nacional que rodea actualmente al sector de la estiba, y donde le han trasladado sus principales reivindicaciones laborales. Ellos han coincidido con el diputado de Ciudadanos en la necesidad de un <strong>&#8220;di\u00e1logo sincero y constructivo entre Gobierno y afectados&#8221;<\/strong> por la necesidad de aplicaci\u00f3n de las normativas europeas.<\/p>\n<p style=\"text-align: justify;\"><a href=\"http:\/\/granadacostanacional.es\/wp-content\/uploads\/2017\/02\/Visita-Puerto-de-Motril-3.jpg\"><img decoding=\"async\" loading=\"lazy\" class=\"alignnone  wp-image-10222\" src=\"http:\/\/granadacostanacional.es\/wp-content\/uploads\/2017\/02\/Visita-Puerto-de-Motril-3-300x200.jpg\" alt=\"Visita Puerto de Motril 3\" width=\"467\" height=\"311\" \/><\/a><\/p>\n","protected":false},"excerpt":{"rendered":"<p>El diputado de Cs en el Congreso por Granada considera que es el momento de que la Costa Tropical se&hellip;<\/p>\n","protected":false},"author":2,"featured_media":10220,"comment_status":"open","ping_status":"open","sticky":false,"template":"","format":"standard","meta":{"om_disable_all_campaigns":false,"_mi_skip_tracking":false,"_monsterinsights_sitenote_active":false,"_monsterinsights_sitenote_note":"","_monsterinsights_sitenote_category":0,"footnotes":""},"categories":[22],"tags":[],"aioseo_notices":[],"_links":{"self":[{"href":"https:\/\/granadacostaglobal.es\/index.php?rest_route=\/wp\/v2\/posts\/10219"}],"collection":[{"href":"https:\/\/granadacostaglobal.es\/index.php?rest_route=\/wp\/v2\/posts"}],"about":[{"href":"https:\/\/granadacostaglobal.es\/index.php?rest_route=\/wp\/v2\/types\/post"}],"author":[{"embeddable":true,"href":"https:\/\/granadacostaglobal.es\/index.php?rest_route=\/wp\/v2\/users\/2"}],"replies":[{"embeddable":true,"href":"https:\/\/granadacostaglobal.es\/index.php?rest_route=%2Fwp%2Fv2%2Fcomments&post=10219"}],"version-history":[{"count":0,"href":"https:\/\/granadacostaglobal.es\/index.php?rest_route=\/wp\/v2\/posts\/10219\/revisions"}],"wp:featuredmedia":[{"embeddable":true,"href":"https:\/\/granadacostaglobal.es\/index.php?rest_route=\/"}],"wp:attachment":[{"href":"https:\/\/granadacostaglobal.es\/index.php?rest_route=%2Fwp%2Fv2%2Fmedia&parent=10219"}],"wp:term":[{"taxonomy":"category","embeddable":true,"href":"https:\/\/granadacostaglobal.es\/index.php?rest_route=%2Fwp%2Fv2%2Fcategories&post=10219"},{"taxonomy":"post_tag","embeddable":true,"href":"https:\/\/granadacostaglobal.es\/index.php?rest_route=%2Fwp%2Fv2%2Ftags&post=10219"}],"curies":[{"name":"wp","href":"https:\/\/api.w.org\/{rel}","templated":true}]}}