{"id":10048,"date":"2017-01-31T17:04:46","date_gmt":"2017-01-31T17:04:46","guid":{"rendered":"http:\/\/granadacostanacional.es\/?p=10048"},"modified":"2017-01-31T17:04:46","modified_gmt":"2017-01-31T17:04:46","slug":"acerca-del-concierto-de-ano-nuevo","status":"publish","type":"post","link":"https:\/\/granadacostaglobal.es\/?p=10048","title":{"rendered":"ACERCA DEL CONCIERTO DE A\u00d1O NUEVO"},"content":{"rendered":"<p style=\"text-align: justify;\">Aunque carezco de formaci\u00f3n musical, en mis \u00faltimos veinte a\u00f1os por mor de mis viajes, he tenido ocasi\u00f3n de acercarme en varias ocasiones a la meca de la m\u00fasica, all\u00ed donde se encuentra la m\u00e1gica ciudad de Viena. Y tuve ocasi\u00f3n de asistir a un concierto de la Filarm\u00f3nica en la espectacular sala denominada <em>Sala Dorada o Musikverein de Viena<\/em>, que hab\u00eda sido incluido en el programa de un crucero que hice por el Danubio. Y sent\u00ed sensaciones musicales que jam\u00e1s hab\u00eda tenido y que lat\u00edan y se repet\u00edan dentro de m\u00ed, cuando contemplaba los bellos paisajes de El Tirol y el Parque Nacional Kawender.<\/p>\n<p style=\"text-align: justify;\">Desde aquella fecha, nunca dej\u00e9 de asistir al programa televisivo m\u00e1s visto en el mundo cada 1 de enero del A\u00f1o Nuevo, y sentir un c\u00famulo de emociones que desajustan los lagrimales y remueven los \u00edntimos sentimientos, a lo largo de las tres horas que dura el mayor espect\u00e1culo musical del mundo.<\/p>\n<p style=\"text-align: justify;\">No importa qui\u00e9n sea el director que lanza sus dardos desde el estrado\u00a0 a cada uno de los instrumentistas, porque todos nos han hecho vibrar con sus desmelenadas intervenciones: el joven Gustavo Dudamet recientemente \u00a0y antes, \u00a0entre otros muchos, \u00a0Boskowski, Mehta, Barenboim y Karajan, me hab\u00edan tenido hipnotizado y sumergido entre sus escalofriantes ritmos musicales. El pr\u00f3ximo a\u00f1o, una vez m\u00e1s, le tocar\u00e1 el turno a otro de los iconos de la Filarm\u00f3nica, el profesor Ricardo Muti, cumplidos por entonces sus 76 a\u00f1os.<\/p>\n<p style=\"text-align: justify;\"><a href=\"http:\/\/granadacostanacional.es\/wp-content\/uploads\/2017\/01\/Gustavo.jpg\"><img decoding=\"async\" loading=\"lazy\" class=\"wp-image-10049 aligncenter\" src=\"http:\/\/granadacostanacional.es\/wp-content\/uploads\/2017\/01\/Gustavo-300x217.jpg\" alt=\"Gustavo\" width=\"521\" height=\"377\" \/><\/a><\/p>\n<p style=\"text-align: justify;\">El \u00faltimo concierto hab\u00eda generado una enorme expectaci\u00f3n, porque interven\u00eda Dudamet, el director m\u00e1s joven que jam\u00e1s lo hab\u00eda hecho dirigiendo la Filarm\u00f3nica de Viena: un actor venezolano de 36 a\u00f1os nacido en Barquisimeto, poseedor de una memoria prodigiosa por haberse comprometido a desplegar su actuaci\u00f3n sin partitura ni chuleta alguna, tal como felizmente lo hizo, a pesar de que muchas de las piezas elegidas eran novedosas en el Neujahrskoncert de Viena. El auditorio explot\u00f3 de entusiasmo cuando interpret\u00f3 la \u201cMarcha Radetzky\u201d colaborando c\u00f3mplice con sus palmadas&#8230;<\/p>\n<p style=\"text-align: justify;\">La m\u00fasica, como la poes\u00eda, representa un eficaz alimento para el esp\u00edritu. Lo confirman esos cincuenta y tantos millones de espectadores que cada Nuevo A\u00f1o se re\u00fanen frente al televisor en los 90 rincones m\u00e1s apartados de nuestro planeta. Los valses son, musicalmente para m\u00ed, la parte m\u00e1s deliciosa del Concierto de A\u00f1o Nuevo. El vals vien\u00e9s se convirti\u00f3 en el siglo XIX en el g\u00e9nero predilecto de la m\u00fasica de baile en Viena. \u201c<em>El Danubio azul es un portento de belleza\u201d <\/em>que Johann Strauss hijo nos leg\u00f3 y que no puede faltar en tan magno festival.<\/p>\n<p style=\"text-align: justify;\">La Filarm\u00f3nica de Viena cumpli\u00f3 175 a\u00f1os de historia en el reciente Concierto de 2017. Tiene fama de ser un conjunto muy tradicional. Mantiene un sonido aut\u00f3ctono y dispone de variantes instrumentales locales diferentes a las utilizadas por otras orquestas. Su ideolog\u00eda conservadora y tradicional gener\u00f3 algunas pol\u00e9micas en los \u00faltimos a\u00f1os por incurrir en actitudes sexistas y hasta 1997 no se permiti\u00f3 a ninguna mujer tocar en la orquesta; actualmente dispone de quince integrantes femeninas de pleno derecho, y desde 2011 cuenta con una mujer entre los cuatro concertinos de la orquesta: la b\u00falgara <em>Albena\u00a0 Danailova.<\/em><\/p>\n<p style=\"text-align: justify;\">La Filarm\u00f3nica de Viena considera su Concierto \u201ccomo un saludo musical y un mensaje de esperanza y paz\u201d que desde 1941 transmite a todo el mundo con motivo del A\u00f1o Nuevo. Y los amantes de la m\u00fasica tenemos que felicitarnos y disfrutar de tan extraordinario acontecimiento.<\/p>\n<p>&nbsp;<\/p>\n<p style=\"text-align: right;\"><em><strong>Juli\u00e1n D\u00edaz Robledo<\/strong><\/em><\/p>\n","protected":false},"excerpt":{"rendered":"<p>Aunque carezco de formaci\u00f3n musical, en mis \u00faltimos veinte a\u00f1os por mor de mis viajes, he tenido ocasi\u00f3n de acercarme&hellip;<\/p>\n","protected":false},"author":2,"featured_media":8943,"comment_status":"open","ping_status":"open","sticky":false,"template":"","format":"standard","meta":{"om_disable_all_campaigns":false,"_mi_skip_tracking":false,"_monsterinsights_sitenote_active":false,"_monsterinsights_sitenote_note":"","_monsterinsights_sitenote_category":0,"footnotes":""},"categories":[21],"tags":[],"aioseo_notices":[],"_links":{"self":[{"href":"https:\/\/granadacostaglobal.es\/index.php?rest_route=\/wp\/v2\/posts\/10048"}],"collection":[{"href":"https:\/\/granadacostaglobal.es\/index.php?rest_route=\/wp\/v2\/posts"}],"about":[{"href":"https:\/\/granadacostaglobal.es\/index.php?rest_route=\/wp\/v2\/types\/post"}],"author":[{"embeddable":true,"href":"https:\/\/granadacostaglobal.es\/index.php?rest_route=\/wp\/v2\/users\/2"}],"replies":[{"embeddable":true,"href":"https:\/\/granadacostaglobal.es\/index.php?rest_route=%2Fwp%2Fv2%2Fcomments&post=10048"}],"version-history":[{"count":0,"href":"https:\/\/granadacostaglobal.es\/index.php?rest_route=\/wp\/v2\/posts\/10048\/revisions"}],"wp:featuredmedia":[{"embeddable":true,"href":"https:\/\/granadacostaglobal.es\/index.php?rest_route=\/"}],"wp:attachment":[{"href":"https:\/\/granadacostaglobal.es\/index.php?rest_route=%2Fwp%2Fv2%2Fmedia&parent=10048"}],"wp:term":[{"taxonomy":"category","embeddable":true,"href":"https:\/\/granadacostaglobal.es\/index.php?rest_route=%2Fwp%2Fv2%2Fcategories&post=10048"},{"taxonomy":"post_tag","embeddable":true,"href":"https:\/\/granadacostaglobal.es\/index.php?rest_route=%2Fwp%2Fv2%2Ftags&post=10048"}],"curies":[{"name":"wp","href":"https:\/\/api.w.org\/{rel}","templated":true}]}}