{"id":10026,"date":"2017-01-31T11:43:09","date_gmt":"2017-01-31T11:43:09","guid":{"rendered":"http:\/\/granadacostanacional.es\/?p=10026"},"modified":"2017-01-31T11:43:09","modified_gmt":"2017-01-31T11:43:09","slug":"tony-castillo-entrevista-al-joven-escritor-novel-aleix-olondriz","status":"publish","type":"post","link":"https:\/\/granadacostaglobal.es\/?p=10026","title":{"rendered":"To\u00f1y Castillo entrevista al joven escritor novel Aleix Ol\u00f3ndriz"},"content":{"rendered":"<p style=\"text-align: justify;\"><strong>\u00a0<a href=\"http:\/\/granadacostanacional.es\/wp-content\/uploads\/2017\/01\/foto-to\u00f1y-y-aleix.jpeg\"><img decoding=\"async\" loading=\"lazy\" class=\"size-medium wp-image-10031 alignleft\" src=\"http:\/\/granadacostanacional.es\/wp-content\/uploads\/2017\/01\/foto-to\u00f1y-y-aleix-287x300.jpeg\" alt=\"foto to\u00f1y y aleix\" width=\"287\" height=\"300\" \/><\/a><\/strong>Hoy entrevistamos a un joven que ha dejado de ser una promesa para convertirse en un novelista que llega con fuerza al paradigma cultural. Aleix Ol\u00f3ndriz Valverde de\u00a0 21 a\u00f1os, nos muestra a trav\u00e9s de su novela que ser joven y tener valores va unido.<\/p>\n<p style=\"text-align: justify;\"><a href=\"http:\/\/granadacostanacional.es\/wp-content\/uploads\/2017\/01\/foto-2-aleix.jpg\"><img decoding=\"async\" loading=\"lazy\" class=\"alignnone wp-image-10028\" src=\"http:\/\/granadacostanacional.es\/wp-content\/uploads\/2017\/01\/foto-2-aleix-300x300.jpg\" alt=\"foto 2 aleix\" width=\"281\" height=\"281\" \/><\/a><\/p>\n<p style=\"text-align: justify;\"><strong>-Te llamas Aleix, tienes 21 a\u00f1os y eres de Lleida, pero \u00bfQui\u00e9n eres?<\/strong><\/p>\n<p style=\"text-align: justify;\">-Soy un amante de la naturaleza. Un joven con ganas de aprender y a la vez desaprender todo cu\u00e1nto me rodea, que busca desmontar los esquemas de la sociedad a trav\u00e9s de la escritura y las reflexiones plasmadas en un papel.<\/p>\n<p style=\"text-align: justify;\"><strong>-\u00bfQu\u00e9 te gusta?<\/strong><\/p>\n<p style=\"text-align: justify;\">-Leer, escribir, pensar\u2026 Me gusta saber que todo lo que hago sirve para algo, y la forma de saber que lo que hago tiene una magnitud en mi vida es compartir.<\/p>\n<p style=\"text-align: justify;\"><strong>-\u00bfY qu\u00e9 escribes?<\/strong><\/p>\n<p style=\"text-align: justify;\">-Escribo una sucesi\u00f3n de pensamientos, articulados en una peque\u00f1a historia donde las emociones y los sentimientos se plasman dando rienda suelta a la imaginaci\u00f3n. Todo cu\u00e1nto rodea las paginas que escribo esta adornado con una enorme sensaci\u00f3n de libertad, casi ut\u00f3pica, que me permite calcar el amor y la vida a la visi\u00f3n de mis ojos.<\/p>\n<p style=\"text-align: justify;\"><strong>-\u00bfQu\u00e9 temas te gusta tratar?<\/strong><\/p>\n<p style=\"text-align: justify;\">-Todo cuanto rodea al mundo natural, pues el mundo natural rodea mi vida, mis pensamientos, m\u00ed d\u00eda a d\u00eda\u2026 Quiero pensar que soy un ut\u00f3pico primitivo del amor y el instinto salvaje.<\/p>\n<p style=\"text-align: justify;\"><strong>-Has escrito tu primera novela. \u00bfQu\u00e9 puedes decirme de ella?<\/strong><\/p>\n<p style=\"text-align: justify;\">-Si, es una novela que engloba misterio, aventura, reflexiones, filosof\u00eda\u2026 pero sobre todo amor. As\u00ed es Waldeinsamkeit.<\/p>\n<p style=\"text-align: justify;\"><strong>-\u00bfPero\u2026qu\u00e9 significa Waldeinsamkeit?<\/strong><\/p>\n<p style=\"text-align: justify;\">-El t\u00edtulo, como veras, no es una palabra muy corriente. Se trata de una palabra compuesta, de origen alem\u00e1 Waldeinsamkeit, que no tiene traducci\u00f3n en ning\u00fan otro idioma (y de ah\u00ed su definici\u00f3n en ingles en la portada). Significa \u201cLa soledad en el bosque. La sensaci\u00f3n de estar solo en el bosque\u201d.<\/p>\n<p style=\"text-align: justify;\">\u201cWald\u201d significa bosque<\/p>\n<p style=\"text-align: justify;\">\u201ceinsam\u201d soledad\u2026. Por lo tanto \u201cWaldeinsamkeit\u201d es la solitud en el\u00a0 bosque.<\/p>\n<p style=\"text-align: justify;\"><strong>-\u00bfY porque este t\u00edtulo?<\/strong><\/p>\n<p style=\"text-align: justify;\">-Porque describe a la perfecci\u00f3n lo que el protagonista necesita sentir, a\u00fan sin saberlo. Waldeinsamkeit es una forma de escapar de su pasado, aunque no se d\u00e9 cuenta.<\/p>\n<p style=\"text-align: justify;\"><strong>-\u00bfCu\u00e1l es la tem\u00e1tica?<\/strong><\/p>\n<p style=\"text-align: justify;\">-La tem\u00e1tica del libro gira en torno a tres pilares: la naturaleza, la magia y el amor. Haciendo un brev\u00edsimo resumen de los diferentes temas, podr\u00eda decirte que Unai, el protagonista, es una persona que decide, por unos motivos, dejarlo todo y marcharse a caminar por las monta\u00f1as para olvidar, para encontrarse a s\u00ed mismo\u2026 A partir de ah\u00ed descubre que hay ciertas cosas que no se aprenden viviendo en una ciudad e ira conociendo gente que le cambiar\u00e1 todos sus esquemas\u2026 Un viaje f\u00edsico y emocional sin un destino definido.<\/p>\n<p style=\"text-align: justify;\"><strong>-\u00bfCu\u00e1l es el trasfondo social y de supervivencia de Waldeinsamkeit?<\/strong><\/p>\n<p style=\"text-align: justify;\">-Waldeinsamkeit, a pesar de ser una novela sobre un viaje, est\u00e1 hecha con doble filo. Hay m\u00e1s trasfondo social y filos\u00f3fico que argumento propio. En general, toda la historia consiste en una transformaci\u00f3n de Unai, que poco a poco pasa de no entender su instinto animal a dominarlo.<\/p>\n<p style=\"text-align: justify;\">Y es a trav\u00e9s de unos hechos, unas situaciones, unas experiencias como consigue darse cuenta que la sociedad solo es una jaula donde su \u201cyo\u201d m\u00e1s primitivo esta enjaulado. As\u00ed, decide liberarse. Desaprender y desmontar todo cuanto ha dado por valido y crear un v\u00ednculo con el mundo salvaje. Es una novela que pone la naturaleza como herramienta para el conocimiento propio y, sobre todo, para la deconstrucci\u00f3n interior.<\/p>\n<p style=\"text-align: justify;\"><strong>-\u00bfQu\u00e9 te gustar\u00eda aportar a la literatura?<\/strong><\/p>\n<p style=\"text-align: justify;\">-Para mi seria un sue\u00f1o poder aportar a la literatura, sobretodo la literatura espa\u00f1ola, la tem\u00e1tica que envuelve la naturaleza, el romanticismo perdido que durante la segunda mitad del S.XVIII movi\u00f3 exploradores y alpinistas a adentrarse en los valles y las cumbres. Algo que, en la literatura inglesa, ha marcado un antes y un despu\u00e9s con novelas que tratan la naturaleza y el mundo salvaje pero que en Espa\u00f1a no se han dado a conocer tanto. Libros como La llamada de la naturaleza o colmillo blanco, por poner algunos de los m\u00e1s conocidos, son los ejemplos del tipo de tem\u00e1tica que quiero dar a conocer a trav\u00e9s de mis obras al mundo literario.<\/p>\n<p style=\"text-align: justify;\"><strong>-\u00bfCu\u00e1les son tus proyectos, a corto y largo plazo?<\/strong><\/p>\n<p style=\"text-align: justify;\">-A corto plazo, mi principal proyecto es poder publicar mi primera novela, s\u00e9 que puede llevarme tiempo y mucho esfuerzo, pero tengo muchas ganas e ilusi\u00f3n en hacer realidad este proyecto.<\/p>\n<p style=\"text-align: justify;\">A largo plazo, quiero estudiar educaci\u00f3n primaria y me gustar\u00eda poder llegar a dedicarme a la literatura de forma profesional, escribir m\u00e1s libros y abrir nuevos horizontes a otras tem\u00e1ticas y estilos. \u00a0No quiero decir que me gustar\u00eda ser un escritor, simplemente quiero dedicarme a escribir.<\/p>\n<p style=\"text-align: justify;\"><strong>-\u00bfSi tuvieras que decir<a href=\"http:\/\/granadacostanacional.es\/wp-content\/uploads\/2017\/01\/escr.jpeg\"><img decoding=\"async\" loading=\"lazy\" class=\"wp-image-10029 alignleft\" src=\"http:\/\/granadacostanacional.es\/wp-content\/uploads\/2017\/01\/escr-300x225.jpeg\" alt=\"escr\" width=\"445\" height=\"334\" \/><\/a>me algo para concluir esta entrevista que me dir\u00edas?<\/strong><\/p>\n<p style=\"text-align: justify;\">-Te dir\u00eda que ha sido un placer poder realizar esta entrevista contigo y que espero que Waldeinsamkeit pueda abrirnos muchos debates y reflexiones para compartir juntos.<\/p>\n<p>&nbsp;<\/p>\n<p>&nbsp;<\/p>\n<p>&nbsp;<\/p>\n<p>&nbsp;<\/p>\n","protected":false},"excerpt":{"rendered":"<p>\u00a0Hoy entrevistamos a un joven que ha dejado de ser una promesa para convertirse en un novelista que llega con&hellip;<\/p>\n","protected":false},"author":4,"featured_media":10027,"comment_status":"open","ping_status":"open","sticky":false,"template":"","format":"standard","meta":{"om_disable_all_campaigns":false,"_mi_skip_tracking":false,"_monsterinsights_sitenote_active":false,"_monsterinsights_sitenote_note":"","_monsterinsights_sitenote_category":0,"footnotes":""},"categories":[25,21,27,22,19],"tags":[],"aioseo_notices":[],"_links":{"self":[{"href":"https:\/\/granadacostaglobal.es\/index.php?rest_route=\/wp\/v2\/posts\/10026"}],"collection":[{"href":"https:\/\/granadacostaglobal.es\/index.php?rest_route=\/wp\/v2\/posts"}],"about":[{"href":"https:\/\/granadacostaglobal.es\/index.php?rest_route=\/wp\/v2\/types\/post"}],"author":[{"embeddable":true,"href":"https:\/\/granadacostaglobal.es\/index.php?rest_route=\/wp\/v2\/users\/4"}],"replies":[{"embeddable":true,"href":"https:\/\/granadacostaglobal.es\/index.php?rest_route=%2Fwp%2Fv2%2Fcomments&post=10026"}],"version-history":[{"count":0,"href":"https:\/\/granadacostaglobal.es\/index.php?rest_route=\/wp\/v2\/posts\/10026\/revisions"}],"wp:featuredmedia":[{"embeddable":true,"href":"https:\/\/granadacostaglobal.es\/index.php?rest_route=\/"}],"wp:attachment":[{"href":"https:\/\/granadacostaglobal.es\/index.php?rest_route=%2Fwp%2Fv2%2Fmedia&parent=10026"}],"wp:term":[{"taxonomy":"category","embeddable":true,"href":"https:\/\/granadacostaglobal.es\/index.php?rest_route=%2Fwp%2Fv2%2Fcategories&post=10026"},{"taxonomy":"post_tag","embeddable":true,"href":"https:\/\/granadacostaglobal.es\/index.php?rest_route=%2Fwp%2Fv2%2Ftags&post=10026"}],"curies":[{"name":"wp","href":"https:\/\/api.w.org\/{rel}","templated":true}]}}