{"id":1,"date":"2015-02-11T10:49:12","date_gmt":"2015-02-11T10:49:12","guid":{"rendered":"http:\/\/granadacosta.es\/?p=1"},"modified":"2015-02-11T10:49:12","modified_gmt":"2015-02-11T10:49:12","slug":"hola-mundo","status":"publish","type":"post","link":"https:\/\/granadacostaglobal.es\/?p=1","title":{"rendered":"Mensaje de Navidad de Su Majestad el Rey Felipe VI"},"content":{"rendered":"<p style=\"text-align: justify;\">Desde el peri\u00f3dico Granada Costa queremos ofrecer la reflexi\u00f3n que llev\u00f3 a cabo el Jefe del Estado Espa\u00f1ol, Felipe VI, sobre la situaci\u00f3n de nuestra naci\u00f3n:<\/p>\n<p style=\"text-align: justify;\">Buenas noches.<\/p>\n<p style=\"text-align: justify;\">Quiero, en primer lugar, daros las gracias por abrirme vuestras casas en esta Nochebuena. Un momento que es, sobre todo, de cercan\u00eda y de\u00a0 reencuentro; un momento para aproximarnos, para mirarnos con la voluntad y el deseo de entendernos, para transmitir a las personas que nos<br \/>\nrodean nuestros mejores sentimientos de afecto, de paz y de alegr\u00eda.<\/p>\n<p style=\"text-align: justify;\">Hoy quiero estar a vuestro lado para compartir \u2014en el primer mensaje de Navidad que os dirijo\u2014, unas reflexiones sobre nuestro futuro, con la mirada puesta, con confianza en el a\u00f1o 2015.<\/p>\n<p style=\"text-align: justify;\">Estamos viviendo tiempos complejos y dif\u00edciles para muchos ciudadanos y para Espa\u00f1a en general. La dureza y duraci\u00f3n de la crisis econ\u00f3mica produce en muchas familias incertidumbre por su futuro; la importancia de algunos de nuestros problemas pol\u00edticos genera inquietud; y las conductas que se alejan del comportamiento que cabe esperar de un servidor p\u00fablico, provocan, con toda raz\u00f3n, indignaci\u00f3n y desencanto.<\/p>\n<p style=\"text-align: justify;\">Los problemas que he mencionado han dado lugar a una seria preocupaci\u00f3n social. Sin embargo, no debemos dejarnos vencer por el pesimismo, el malestar social, o por el\u00a0 des\u00e1nimo; sino afrontar con firmeza y eficacia las causas de esos problemas, resolverlos y recuperar el sosiego y la serenidad que requiere y merece una\u00a0 sociedad democr\u00e1tica como la nuestra.<\/p>\n<p style=\"text-align: justify;\">El pasado mes de octubre afirm\u00e9 en Asturias que necesit\u00e1bamos referencias morales a las que admirar, principios \u00e9ticos que reconocer, valores c\u00edvicos que preservar. Dec\u00eda, entonces, que necesit\u00e1bamos un gran impulso moral colectivo. Y quiero a\u00f1adir ahora que necesitamos una profunda regeneraci\u00f3n de nuestra vida colectiva. Y en esa tarea, la lucha contra la corrupci\u00f3n es un objetivo irrenunciable.<\/p>\n<p style=\"text-align: justify;\">Es cierto que los responsables de esas conductas irregulares est\u00e1n respondiendo de ellas; eso es una prueba del funcionamiento de nuestro Estado de Derecho. Como es verdad tambi\u00e9n que la gran mayor\u00eda de los servidores p\u00fablicos desempe\u00f1an sus tareas con honradez y voluntad de servir a los intereses generales.<\/p>\n<p style=\"text-align: justify;\">Pero es necesario \u2014tambi\u00e9n y sobre todo\u2014 evitar que esas conductas echen ra\u00edces en nuestra sociedad y se puedan reproducir en el futuro. Los ciudadanos necesitan estar seguros de que el dinero p\u00fablico se administra para los fines legalmente previstos; que no existen tratos de favor por ocupar una responsabilidad p\u00fablica; que desempe\u00f1ar un cargo p\u00fablico no sea un medio para aprovecharse o enriquecerse; que no se empa\u00f1e nuestro prestigio y buena imagen en el mundo.<\/p>\n<p style=\"text-align: justify;\">Pocos temas como \u00e9ste suscitan una opini\u00f3n tan un\u00e1nime. Debemos cortar de ra\u00edz y sin contemplaciones la corrupci\u00f3n. La honestidad de los servidores p\u00fablicos es un pilar b\u00e1sico de nuestra convivencia en una Espa\u00f1a que todos queremos sana, limpia.<\/p>\n<p style=\"text-align: justify;\">Tambi\u00e9n quiero hablaros de la situaci\u00f3n econ\u00f3mica, porque contin\u00faa siendo un motivo de grave preocupaci\u00f3n para todos. Los \u00edndices de desempleo son todav\u00eda inaceptables y frustran las expectativas de nuestros j\u00f3venes y de muchos m\u00e1s hombres y mujeres que llevan tiempo en el paro. Es cierto que nuestras empresas son punteras en muchos sectores en todo el mundo; pero tambi\u00e9n lo es que nuestra econom\u00eda no ha sido capaz, todav\u00eda, de resolver de manera definitiva este desequilibrio fundamental.<\/p>\n<p style=\"text-align: justify;\">No obstante, es un hecho \u2014muy positivo\u2014 que las principales magnitudes macroecon\u00f3micas est\u00e1n mejorando y que hemos recuperado el crecimiento econ\u00f3mico y la creaci\u00f3n de empleo. Estos datos son una base nueva para la esperanza de que, en el futuro, puedan generarse de forma sostenible muchos m\u00e1s empleos y, especialmente, empleos de calidad.<\/p>\n<p style=\"text-align: justify;\">Es evidente, por tanto, que la lucha contra el paro debe continuar siendo nuestra gran prioridad. El sacrificio y el esfuerzo de los ciudadanos\u00a0 durante toda la crisis econ\u00f3mica exige que los agentes pol\u00edticos, econ\u00f3micos y sociales trabajen unidos permanentemente en esta direcci\u00f3n, anteponiendo s\u00f3lo el inter\u00e9s de la ciudadan\u00eda. Porque la econom\u00eda debe estar siempre al servicio de las personas.<\/p>\n<p style=\"text-align: justify;\">Por eso, debemos proteger especialmente a las personas m\u00e1s desfavorecidas y vulnerables. Y para ello debemos seguir garantizando nuestro Estado de Bienestar, que ha sido durante estos a\u00f1os de crisis el soporte de nuestra cohesi\u00f3n social, junto a las familias y a las asociaciones y movimientos solidarios. Algo de lo que debemos realmente sentirnos orgullosos.<\/p>\n<p style=\"text-align: justify;\">Quiero referirme ahora tambi\u00e9n a la situaci\u00f3n que se vive actualmente en Catalu\u00f1a.<\/p>\n<p style=\"text-align: justify;\">El pueblo espa\u00f1ol, en el ejercicio de su soberan\u00eda nacional, ratific\u00f3 mediante refer\u00e9ndum la Constituci\u00f3n de 1978, que proclam\u00f3 nuestra unidad hist\u00f3rica y pol\u00edtica y reconoci\u00f3 el derecho de todos a sentirse y ser respetados en su propia personalidad, en su cultura, tradiciones, lenguas e instituciones.<\/p>\n<p style=\"text-align: justify;\">Bajo ese esp\u00edritu constitucional, hemos convivido estos a\u00f1os. Cada Comunidad, cada pueblo y territorio de Espa\u00f1a, cada ciudadano, han aportado lo mejor de s\u00ed mismos en beneficio de todos. Y sin duda, desde Catalu\u00f1a, se ha contribuido a la estabilidad pol\u00edtica de toda Espa\u00f1a y a su progreso econ\u00f3mico.<\/p>\n<p style=\"text-align: justify;\">Es evidente que todos nos necesitamos. Formamos parte de un tronco com\u00fan del que somos complementarios los unos de los otros pero imprescindibles para el progreso de cada uno en particular y de todos en conjunto.<\/p>\n<p>&nbsp;<\/p>\n<p><a href=\"http:\/\/granadacosta.es\/wp-content\/uploads\/2015\/02\/GranadaCosta2.jpg\"><img decoding=\"async\" loading=\"lazy\" class=\" wp-image-10 alignnone\" src=\"http:\/\/granadacosta.es\/wp-content\/uploads\/2015\/02\/GranadaCosta2.jpg\" alt=\"GranadaCosta2\" width=\"600\" height=\"400\" \/><\/a><\/p>\n<p style=\"text-align: justify;\">Pero no se trata solo de econom\u00eda o de\u00a0 intereses sino tambi\u00e9n y sobre todo, de sentimientos.<\/p>\n<p style=\"text-align: justify;\">Millones de espa\u00f1oles llevan, llevamos, a Catalu\u00f1a en el coraz\u00f3n. Como tambi\u00e9n para millones de catalanes los dem\u00e1s espa\u00f1oles forman parte de su propio ser. Por eso me duele y me preocupa que se puedan producir fracturas emocionales, desafectos o rechazos entre familias, amigos o ciudadanos. Nadie en la Espa\u00f1a de hoy es adversario de nadie.<\/p>\n<p style=\"text-align: justify;\">Y lo que hace de Espa\u00f1a una naci\u00f3n con una fuerza \u00fanica, es la suma de nuestras diferencias que debemos comprender y\u00a0 respetar y que siempre nos deben acercar y nunca distanciar. Porque todo lo que hemos alcanzado juntos nace de la fuerza de la uni\u00f3n. Y la fuerza de esa\u00a0 unidad es la que nos permitir\u00e1 llegar m\u00e1s lejos y mejor en un mundo que no acepta ni la debilidad ni la divisi\u00f3n de las sociedades, y que camina hacia una mayor integraci\u00f3n.<\/p>\n<p style=\"text-align: justify;\">Los desencuentros no se resuelven con rupturas emocionales o sentimentales. Hagamos todos un esfuerzo leal y sincero, y reencontr\u00e9monos en lo que nunca deber\u00edamos perder: los afectos mutuos y los sentimientos que compartimos. Respetemos la Constituci\u00f3n que es la garant\u00eda de una convivencia democr\u00e1tica, ordenada, en paz y libertad. Y sigamos construyendo todos juntos un proyecto que respete nuestra pluralidad y genere ilusi\u00f3n y confianza en el futuro.<\/p>\n<p style=\"text-align: justify;\">Porque necesitamos, tambi\u00e9n, ilusi\u00f3n y confianza.<\/p>\n<p style=\"text-align: justify;\">El mes de junio pasado, Espa\u00f1a se dio a s\u00ed misma y al mundo un ejemplo de seriedad y dignidad en el desarrollo del proceso de abdicaci\u00f3n de mi padre el Rey Juan Carlos y de mi proclamaci\u00f3n como Rey; todo ello de acuerdo con nuestra Constituci\u00f3n. Y a lo largo de estos \u00faltimos meses me hab\u00e9is rodeado de vuestro respeto, afecto y cari\u00f1o. Sinceramente, me he sentido querido y apreciado y os lo agradezco de coraz\u00f3n. Y tengo que deciros tambi\u00e9n que he visto ilusi\u00f3n en muchos de vosotros, en vuestras miradas, en vuestras palabras, ante el inicio de una nueva \u00e9poca en nuestra historia.<\/p>\n<p style=\"text-align: justify;\"><a href=\"http:\/\/granadacosta.es\/wp-content\/uploads\/2015\/02\/GranadaCosta3.jpg\"><img decoding=\"async\" loading=\"lazy\" class=\"  alignleft wp-image-9 \" src=\"http:\/\/granadacosta.es\/wp-content\/uploads\/2015\/02\/GranadaCosta3-709x1024.jpg\" alt=\"GranadaCosta3\" width=\"330\" height=\"477\" \/><\/a>\u00a0\u00a0 Es cierto que vivimos tiempos complejos y dif\u00edciles. Sin duda. Pero son tambi\u00e9n tiempos que debemos afrontar con responsabilidad, con ilusi\u00f3n y esp\u00edritu renovador. Tiempos nuevos que se proyectan en todos los \u00e1mbitos de nuestra vida colectiva e individual. Y\u00a0 ahora nos corresponde a los espa\u00f1oles de hoy continuar la tarea de labrar nuestro mejor futuro; que empieza ya, que ha empezado ya.<\/p>\n<p style=\"text-align: justify;\">Afortunadamente, no partimos de cero, ni mucho menos, y, por ello, no debemos olvidar lo que hemos conseguido juntos con grandes esfuerzos y sacrificios, generaci\u00f3n tras generaci\u00f3n; que es mucho y lo debemos valorar con orgullo.<\/p>\n<p style=\"text-align: justify;\">Aunque tambi\u00e9n tengamos la responsabilidad de corregir los fallos y mejorar y acrecentar los activos de la Espa\u00f1a de hoy, con la vista puesta en un futuro que nos pertenece a todos los espa\u00f1oles.<\/p>\n<p style=\"text-align: justify;\">Somos una democracia consolidada. Disfrutamos de una estabilidad pol\u00edtica como nunca antes en nuestra historia. Nuestro marco constitucional nos ha permitido la alternancia pol\u00edtica basada en unas elecciones libres y democr\u00e1ticas. Somos, adem\u00e1s, una naci\u00f3n respetada y apreciada en el mundo y con una profunda vocaci\u00f3n universal, imprescindible para promover nuestra cultura y defender nuestros intereses en un mundo global. Hoy, m\u00e1s que nunca, somos parte fundamental de un proyecto europeo que nos hace m\u00e1s fuertes, m\u00e1s competitivos y m\u00e1s protagonistas de un futuro de integraci\u00f3n.<\/p>\n<p style=\"text-align: justify;\">Como dije en mi discurso de proclamaci\u00f3n, todo tiempo pol\u00edtico tiene sus propios retos. Debemos seguir avanzando en nuestra convivencia pol\u00edtica, paso a paso,\u00a0 adapt\u00e1ndola a las necesidades de nuestro tiempo. Poner al d\u00eda y actualizar el funcionamiento de nuestra sociedad democr\u00e1tica y conseguir que los ciudadanos recupere su confianza en las instituciones. Unas instituciones con vigor y vitalidad, que puedan sentir como suyas.<\/p>\n<p style=\"text-align: justify;\">No quiero terminar mis palabras sin transmitiros un mensaje de esperanza.<\/p>\n<p style=\"text-align: justify;\">Regenerar nuestra vida pol\u00edtica, recuperar la confianza de los ciudadanos en sus instituciones, garantizar nuestro Estado del Bienestar y preservar nuestra unidad desde la pluralidad son nuestros grandes retos. No son tareas sencillas. No son retos f\u00e1ciles. Pero los vamos a superar, sin duda; estoy convencido de ello. Tenemos capacidad y coraje de sobra. Tenemos tambi\u00e9n el deseo y la voluntad. Y hemos de sumar, adem\u00e1s la confianza en nosotros mismos.<\/p>\n<p style=\"text-align: justify;\">Esa es la clave de nuestra esperanza en el futuro. La clave para recuperar el orgullo de nuestra conciencia nacional: la de una Espa\u00f1a moderna, de profundas convicciones democr\u00e1ticas, diversa, abierta al mundo, solidaria, potente y con empuje. Con ese mismo empuje y con el ejemplo con el que vosotros afront\u00e1is vuestro d\u00eda a d\u00eda luchando ante las adversidades intentando progresar, procurando mejorar honestamente vuestra vida y la de vuestras familias. Y ah\u00ed estar\u00e9 siempre a vuestro lado como el primer servidor de los espa\u00f1oles.<\/p>\n<p style=\"text-align: justify;\">Gracias nuevamente por escucharme esta noche y much\u00edsimas felicidades.<\/p>\n","protected":false},"excerpt":{"rendered":"<p>Desde el peri\u00f3dico Granada Costa queremos ofrecer la reflexi\u00f3n que llev\u00f3 a cabo el Jefe del Estado Espa\u00f1ol, Felipe VI,&hellip;<\/p>\n","protected":false},"author":2,"featured_media":6,"comment_status":"open","ping_status":"open","sticky":false,"template":"","format":"standard","meta":{"om_disable_all_campaigns":false,"_mi_skip_tracking":false,"_monsterinsights_sitenote_active":false,"_monsterinsights_sitenote_note":"","_monsterinsights_sitenote_category":0,"footnotes":""},"categories":[21],"tags":[],"aioseo_notices":[],"_links":{"self":[{"href":"https:\/\/granadacostaglobal.es\/index.php?rest_route=\/wp\/v2\/posts\/1"}],"collection":[{"href":"https:\/\/granadacostaglobal.es\/index.php?rest_route=\/wp\/v2\/posts"}],"about":[{"href":"https:\/\/granadacostaglobal.es\/index.php?rest_route=\/wp\/v2\/types\/post"}],"author":[{"embeddable":true,"href":"https:\/\/granadacostaglobal.es\/index.php?rest_route=\/wp\/v2\/users\/2"}],"replies":[{"embeddable":true,"href":"https:\/\/granadacostaglobal.es\/index.php?rest_route=%2Fwp%2Fv2%2Fcomments&post=1"}],"version-history":[{"count":0,"href":"https:\/\/granadacostaglobal.es\/index.php?rest_route=\/wp\/v2\/posts\/1\/revisions"}],"wp:featuredmedia":[{"embeddable":true,"href":"https:\/\/granadacostaglobal.es\/index.php?rest_route=\/wp\/v2\/posts\/6"}],"wp:attachment":[{"href":"https:\/\/granadacostaglobal.es\/index.php?rest_route=%2Fwp%2Fv2%2Fmedia&parent=1"}],"wp:term":[{"taxonomy":"category","embeddable":true,"href":"https:\/\/granadacostaglobal.es\/index.php?rest_route=%2Fwp%2Fv2%2Fcategories&post=1"},{"taxonomy":"post_tag","embeddable":true,"href":"https:\/\/granadacostaglobal.es\/index.php?rest_route=%2Fwp%2Fv2%2Ftags&post=1"}],"curies":[{"name":"wp","href":"https:\/\/api.w.org\/{rel}","templated":true}]}}